{"id":125,"date":"2022-04-07T20:25:02","date_gmt":"2022-04-07T18:25:02","guid":{"rendered":"http:\/\/evavedel.com\/?p=125"},"modified":"2024-02-01T20:14:11","modified_gmt":"2024-02-01T19:14:11","slug":"exposition-premier-printemps","status":"publish","type":"post","link":"https:\/\/evavedel.com\/en\/exposition-premier-printemps\/","title":{"rendered":"Exposition Premier Printemps"},"content":{"rendered":"<div class=\"wp-block-cover alignfull is-light has-parallax\" style=\"background-image:url(https:\/\/evavedel.com\/wp-content\/uploads\/2022\/06\/DSC_0060-\u00a9Eleonore-Fines-scaled.jpg);min-height:66vh;aspect-ratio:unset;\"><span aria-hidden=\"true\" class=\"wp-block-cover__background has-background-dim-0 has-background-dim\"><\/span><div class=\"wp-block-cover__inner-container is-layout-flow wp-block-cover-is-layout-flow\">\n<div class=\"wp-block-group is-layout-constrained wp-container-core-group-is-layout-33d1d030 wp-block-group-is-layout-constrained\">\n<div class=\"wp-block-group is-style-default has-foreground-color has-senary-background-color has-text-color has-background is-layout-flow wp-block-group-is-layout-flow\">\n<h1 class=\"has-text-align-center wp-block-heading\">Exposition collective<\/h1>\n\n\n\n<hr class=\"wp-block-separator has-text-color has-foreground-color has-alpha-channel-opacity has-foreground-background-color has-background\"\/>\n\n\n\n<p class=\"has-text-align-center has-large-font-size\">En avril 2022, le POCTB nous a laiss\u00e9 carte blanche pour exposer avec les jeunes dipl\u00f4m\u00e9s de l&rsquo;ESAD Orl\u00e9ans.<\/p>\n\n\n\n<div class=\"wp-block-buttons is-horizontal is-content-justification-center is-layout-flex wp-container-core-buttons-is-layout-03627597 wp-block-buttons-is-layout-flex\">\n<div class=\"wp-block-button is-style-fill\"><a class=\"wp-block-button__link has-foreground-color has-primary-background-color has-text-color has-background\" href=\"http:\/\/www.poctb.fr\" target=\"_blank\" rel=\"noreferrer noopener\">Galerie POCTB<\/a><\/div>\n<\/div>\n<\/div>\n<\/div>\n<\/div><\/div>\n\n\n\n<p class=\"has-text-align-center\">Date exposition : avril 2022<\/p>\n\n\n\n<div style=\"height:100px\" aria-hidden=\"true\" class=\"wp-block-spacer\"><\/div>\n\n\n\n<div class=\"wp-block-columns alignwide is-layout-flex wp-container-core-columns-is-layout-28f84493 wp-block-columns-is-layout-flex\">\n<div class=\"wp-block-column is-layout-flow wp-block-column-is-layout-flow\">\n<h2 class=\"wp-block-heading\">Une m\u00e9diation et une sc\u00e9nographie collective<\/h2>\n\n\n\n<p>Nous nous sommes rencontr\u00e9.es lors de nos \u00e9tudes en art<br>et design et depuis, nous avons d\u00e9velopp\u00e9 une synergie<br>construisant un processus de partage de nos travaux au sein<br>du groupe. Cela nous permet d&rsquo;\u00eatre \u00e0 l&rsquo;initiative d&rsquo;une<br>r\u00e9elle force de proposition individuelle influenc\u00e9e par<br>ces r\u00e9flexions collectives. Apr\u00e8s nous \u00eatre c\u00f4toy\u00e9s dans<br>le travail, nous souhaitons faire cohabiter nos cr\u00e9ations<br>dans un espace partag\u00e9 afin d&rsquo;en d\u00e9montrer l&rsquo;effervescence.<br>Nous travaillons sur des th\u00e9matiques qui nous sont propres<br>au seins de nos univers parfois diam\u00e9tralement oppos\u00e9s mais<br>qui communiquent par leur rassemblement. Le POCTB, galerie<br>que nous avons beaucoup fr\u00e9quent\u00e9e en tant que visiteurs,<br>nous semble l&rsquo;endroit id\u00e9al pour proposer cette premi\u00e8re<br>exposition collective et incarner la transition vers notre<br>statut d&rsquo;artistes et designers sensibles \u00e0 la dynamique<br>que ce groupe nous offre. Cette occasion sera pour nous le<br>moment de saisir l&rsquo;opportunit\u00e9 d&rsquo;une pratique collective<br>avant d&rsquo;entrer dans un nouveau cycle de cr\u00e9ation.<\/p>\n<\/div>\n\n\n\n<div class=\"wp-block-column is-layout-flow wp-block-column-is-layout-flow\">\n<figure class=\"wp-block-image aligncenter size-large is-resized is-style-default\"><img loading=\"lazy\" decoding=\"async\" src=\"http:\/\/evavedel.com\/wp-content\/uploads\/2022\/06\/277887734_938176493565971_8627249090923016397_n-576x1024.jpg\" alt=\"\" class=\"wp-image-134\" width=\"618\" height=\"1099\" srcset=\"https:\/\/evavedel.com\/wp-content\/uploads\/2022\/06\/277887734_938176493565971_8627249090923016397_n-576x1024.jpg 576w, https:\/\/evavedel.com\/wp-content\/uploads\/2022\/06\/277887734_938176493565971_8627249090923016397_n-169x300.jpg 169w, https:\/\/evavedel.com\/wp-content\/uploads\/2022\/06\/277887734_938176493565971_8627249090923016397_n-768x1365.jpg 768w, https:\/\/evavedel.com\/wp-content\/uploads\/2022\/06\/277887734_938176493565971_8627249090923016397_n-864x1536.jpg 864w, https:\/\/evavedel.com\/wp-content\/uploads\/2022\/06\/277887734_938176493565971_8627249090923016397_n.jpg 1152w\" sizes=\"auto, (max-width: 618px) 100vw, 618px\" \/><figcaption><sup>Design El\u00e9onore Fines<\/sup><\/figcaption><\/figure>\n<\/div>\n<\/div>\n\n\n\n<div style=\"height:100px\" aria-hidden=\"true\" class=\"wp-block-spacer\"><\/div>\n\n\n\n<div class=\"wp-block-columns alignwide is-layout-flex wp-container-core-columns-is-layout-28f84493 wp-block-columns-is-layout-flex\">\n<div class=\"wp-block-column is-layout-flow wp-block-column-is-layout-flow\">\n<figure class=\"wp-block-image size-large\"><img loading=\"lazy\" decoding=\"async\" width=\"1919\" height=\"2560\" src=\"https:\/\/evavedel.com\/wp-content\/uploads\/2022\/06\/5-\u00a9Eva-Vedel-edited-scaled.jpg\" alt=\"\" class=\"wp-image-264\" srcset=\"https:\/\/evavedel.com\/wp-content\/uploads\/2022\/06\/5-\u00a9Eva-Vedel-edited-scaled.jpg 1919w, https:\/\/evavedel.com\/wp-content\/uploads\/2022\/06\/5-\u00a9Eva-Vedel-edited-225x300.jpg 225w, https:\/\/evavedel.com\/wp-content\/uploads\/2022\/06\/5-\u00a9Eva-Vedel-edited-768x1025.jpg 768w, https:\/\/evavedel.com\/wp-content\/uploads\/2022\/06\/5-\u00a9Eva-Vedel-edited-1151x1536.jpg 1151w, https:\/\/evavedel.com\/wp-content\/uploads\/2022\/06\/5-\u00a9Eva-Vedel-edited-1535x2048.jpg 1535w, https:\/\/evavedel.com\/wp-content\/uploads\/2022\/06\/5-\u00a9Eva-Vedel-edited-1792x2391.jpg 1792w\" sizes=\"auto, (max-width: 1919px) 100vw, 1919px\" \/><\/figure>\n<\/div>\n\n\n\n<div class=\"wp-block-column is-layout-flow wp-block-column-is-layout-flow\">\n<h2 class=\"wp-block-heading\">Sculpture imprim\u00e9e en 3D<\/h2>\n\n\n\n<p>Au nom du collectif Ka\u00efros, Am\u00e9lie Samson et moi avons expos\u00e9 Vanitas #1, premi\u00e8re sculpture de la s\u00e9rie Vanit\u00e9 num\u00e9rique.<\/p>\n\n\n\n<div class=\"wp-block-buttons is-layout-flex wp-block-buttons-is-layout-flex\">\n<div class=\"wp-block-button\"><a class=\"wp-block-button__link\">En savoir plus sur Vanitas<\/a><\/div>\n<\/div>\n<\/div>\n<\/div>\n\n\n\n<div class=\"wp-block-columns alignwide is-layout-flex wp-container-core-columns-is-layout-28f84493 wp-block-columns-is-layout-flex\">\n<div class=\"wp-block-column is-layout-flow wp-block-column-is-layout-flow\">\n<figure class=\"wp-block-image size-full\"><img loading=\"lazy\" decoding=\"async\" width=\"480\" height=\"720\" src=\"http:\/\/evavedel.com\/wp-content\/uploads\/2022\/06\/IMG_5936-2.jpg\" alt=\"\" class=\"wp-image-272\" srcset=\"https:\/\/evavedel.com\/wp-content\/uploads\/2022\/06\/IMG_5936-2.jpg 480w, https:\/\/evavedel.com\/wp-content\/uploads\/2022\/06\/IMG_5936-2-200x300.jpg 200w\" sizes=\"auto, (max-width: 480px) 100vw, 480px\" \/><\/figure>\n\n\n\n<figure class=\"wp-block-image size-full\"><img loading=\"lazy\" decoding=\"async\" width=\"700\" height=\"467\" src=\"https:\/\/evavedel.com\/wp-content\/uploads\/2022\/06\/1-\u00a9Eleonore-Fines.jpg\" alt=\"\" class=\"wp-image-265\" srcset=\"https:\/\/evavedel.com\/wp-content\/uploads\/2022\/06\/1-\u00a9Eleonore-Fines.jpg 700w, https:\/\/evavedel.com\/wp-content\/uploads\/2022\/06\/1-\u00a9Eleonore-Fines-300x200.jpg 300w\" sizes=\"auto, (max-width: 700px) 100vw, 700px\" \/><\/figure>\n<\/div>\n\n\n\n<div class=\"wp-block-column is-layout-flow wp-block-column-is-layout-flow\">\n<figure class=\"wp-block-image size-full\"><img loading=\"lazy\" decoding=\"async\" width=\"600\" height=\"400\" src=\"http:\/\/evavedel.com\/wp-content\/uploads\/2022\/06\/2-\u00a9Eleonore-Fines.jpg\" alt=\"\" class=\"wp-image-266\" srcset=\"https:\/\/evavedel.com\/wp-content\/uploads\/2022\/06\/2-\u00a9Eleonore-Fines.jpg 600w, https:\/\/evavedel.com\/wp-content\/uploads\/2022\/06\/2-\u00a9Eleonore-Fines-300x200.jpg 300w\" sizes=\"auto, (max-width: 600px) 100vw, 600px\" \/><\/figure>\n\n\n\n<figure class=\"wp-block-image size-full is-resized\"><img loading=\"lazy\" decoding=\"async\" src=\"https:\/\/evavedel.com\/wp-content\/uploads\/2022\/06\/4-\u00a9Eleonore-Fines-edited.jpg\" alt=\"\" class=\"wp-image-273\" width=\"377\" height=\"215\"\/><\/figure>\n<\/div>\n\n\n\n<div class=\"wp-block-column is-layout-flow wp-block-column-is-layout-flow\">\n<figure class=\"wp-block-image size-full\"><img loading=\"lazy\" decoding=\"async\" width=\"700\" height=\"467\" src=\"http:\/\/evavedel.com\/wp-content\/uploads\/2022\/06\/DSC_0267-\u00a9Eleonore-Fines.jpg\" alt=\"\" class=\"wp-image-271\" srcset=\"https:\/\/evavedel.com\/wp-content\/uploads\/2022\/06\/DSC_0267-\u00a9Eleonore-Fines.jpg 700w, https:\/\/evavedel.com\/wp-content\/uploads\/2022\/06\/DSC_0267-\u00a9Eleonore-Fines-300x200.jpg 300w\" sizes=\"auto, (max-width: 700px) 100vw, 700px\" \/><\/figure>\n\n\n\n<figure class=\"wp-block-image size-full\"><img loading=\"lazy\" decoding=\"async\" width=\"600\" height=\"400\" src=\"http:\/\/evavedel.com\/wp-content\/uploads\/2022\/06\/3-\u00a9Eleonore-Fines.jpg\" alt=\"\" class=\"wp-image-267\" srcset=\"https:\/\/evavedel.com\/wp-content\/uploads\/2022\/06\/3-\u00a9Eleonore-Fines.jpg 600w, https:\/\/evavedel.com\/wp-content\/uploads\/2022\/06\/3-\u00a9Eleonore-Fines-300x200.jpg 300w\" sizes=\"auto, (max-width: 600px) 100vw, 600px\" \/><\/figure>\n\n\n\n<figure class=\"wp-block-image size-full\"><img loading=\"lazy\" decoding=\"async\" width=\"600\" height=\"400\" src=\"http:\/\/evavedel.com\/wp-content\/uploads\/2022\/06\/DSC_0151-\u00a9Eva-Vedel.jpg\" alt=\"\" class=\"wp-image-270\" srcset=\"https:\/\/evavedel.com\/wp-content\/uploads\/2022\/06\/DSC_0151-\u00a9Eva-Vedel.jpg 600w, https:\/\/evavedel.com\/wp-content\/uploads\/2022\/06\/DSC_0151-\u00a9Eva-Vedel-300x200.jpg 300w\" sizes=\"auto, (max-width: 600px) 100vw, 600px\" \/><\/figure>\n<\/div>\n<\/div>","protected":false},"excerpt":{"rendered":"<p>Date exposition : avril 2022 Une m\u00e9diation et une sc\u00e9nographie collective Nous nous sommes rencontr\u00e9.es lors de nos \u00e9tudes en artet design et depuis, nous avons d\u00e9velopp\u00e9 une synergieconstruisant un processus de partage de nos travaux au seindu groupe. Cela nous permet d&rsquo;\u00eatre \u00e0 l&rsquo;initiative d&rsquo;uner\u00e9elle force de proposition individuelle influenc\u00e9e parces r\u00e9flexions collectives. Apr\u00e8s [&hellip;]<\/p>","protected":false},"author":1,"featured_media":137,"comment_status":"closed","ping_status":"closed","sticky":false,"template":"","format":"standard","meta":{"_themeisle_gutenberg_block_has_review":false,"footnotes":""},"categories":[10],"tags":[47,14,46,45,15,44,37],"class_list":["post-125","post","type-post","status-publish","format-standard","has-post-thumbnail","hentry","category-expositions","tag-collectif","tag-collectif-kairos","tag-esad","tag-exposition","tag-pla","tag-premier-printemps","tag-temps"],"yoast_head":"<!-- This site is optimized with the Yoast SEO plugin v24.2 - https:\/\/yoast.com\/wordpress\/plugins\/seo\/ -->\n<title>Exposition Premier Printemps - Eva Vedel<\/title>\n<meta name=\"robots\" content=\"index, follow, max-snippet:-1, max-image-preview:large, max-video-preview:-1\" \/>\n<link rel=\"canonical\" href=\"https:\/\/evavedel.com\/en\/exposition-premier-printemps\/\" \/>\n<meta property=\"og:locale\" content=\"en_GB\" \/>\n<meta property=\"og:type\" content=\"article\" \/>\n<meta property=\"og:title\" content=\"Exposition Premier Printemps - Eva Vedel\" \/>\n<meta property=\"og:description\" content=\"Date exposition : avril 2022 Une m\u00e9diation et une sc\u00e9nographie collective Nous nous sommes rencontr\u00e9.es lors de nos \u00e9tudes en artet design et depuis, nous avons d\u00e9velopp\u00e9 une synergieconstruisant un processus de partage de nos travaux au seindu groupe. Cela nous permet d&rsquo;\u00eatre \u00e0 l&rsquo;initiative d&rsquo;uner\u00e9elle force de proposition individuelle influenc\u00e9e parces r\u00e9flexions collectives. Apr\u00e8s [&hellip;]\" \/>\n<meta property=\"og:url\" content=\"https:\/\/evavedel.com\/en\/exposition-premier-printemps\/\" \/>\n<meta property=\"og:site_name\" content=\"Eva Vedel\" \/>\n<meta property=\"article:published_time\" content=\"2022-04-07T18:25:02+00:00\" \/>\n<meta property=\"article:modified_time\" content=\"2024-02-01T19:14:11+00:00\" \/>\n<meta property=\"og:image\" content=\"https:\/\/evavedel.com\/wp-content\/uploads\/2022\/06\/affiche-carre-scaled.jpg\" \/>\n\t<meta property=\"og:image:width\" content=\"2560\" \/>\n\t<meta property=\"og:image:height\" content=\"2560\" \/>\n\t<meta property=\"og:image:type\" content=\"image\/jpeg\" \/>\n<meta name=\"author\" content=\"admin3648\" \/>\n<meta name=\"twitter:card\" content=\"summary_large_image\" \/>\n<meta name=\"twitter:label1\" content=\"Written by\" \/>\n\t<meta name=\"twitter:data1\" content=\"admin3648\" \/>\n\t<meta name=\"twitter:label2\" content=\"Estimated reading time\" \/>\n\t<meta name=\"twitter:data2\" content=\"1 minute\" \/>\n<script type=\"application\/ld+json\" class=\"yoast-schema-graph\">{\"@context\":\"https:\/\/schema.org\",\"@graph\":[{\"@type\":\"Article\",\"@id\":\"https:\/\/evavedel.com\/en\/exposition-premier-printemps\/#article\",\"isPartOf\":{\"@id\":\"https:\/\/evavedel.com\/en\/exposition-premier-printemps\/\"},\"author\":{\"name\":\"admin3648\",\"@id\":\"https:\/\/evavedel.com\/#\/schema\/person\/05ebfc46de98d7cad69623941f5cf872\"},\"headline\":\"Exposition Premier Printemps\",\"datePublished\":\"2022-04-07T18:25:02+00:00\",\"dateModified\":\"2024-02-01T19:14:11+00:00\",\"mainEntityOfPage\":{\"@id\":\"https:\/\/evavedel.com\/en\/exposition-premier-printemps\/\"},\"wordCount\":243,\"publisher\":{\"@id\":\"https:\/\/evavedel.com\/#\/schema\/person\/600e7bbae59c2b0909798bd750172c2d\"},\"image\":{\"@id\":\"https:\/\/evavedel.com\/en\/exposition-premier-printemps\/#primaryimage\"},\"thumbnailUrl\":\"https:\/\/evavedel.com\/wp-content\/uploads\/2022\/06\/affiche-carre-scaled.jpg\",\"keywords\":[\"collectif\",\"Collectif Ka\u00efros\",\"ESAD\",\"exposition\",\"PLA\",\"premier printemps\",\"temps\"],\"articleSection\":[\"Expositions\"],\"inLanguage\":\"en-GB\"},{\"@type\":\"WebPage\",\"@id\":\"https:\/\/evavedel.com\/en\/exposition-premier-printemps\/\",\"url\":\"https:\/\/evavedel.com\/en\/exposition-premier-printemps\/\",\"name\":\"Exposition Premier Printemps - Eva Vedel\",\"isPartOf\":{\"@id\":\"https:\/\/evavedel.com\/#website\"},\"primaryImageOfPage\":{\"@id\":\"https:\/\/evavedel.com\/en\/exposition-premier-printemps\/#primaryimage\"},\"image\":{\"@id\":\"https:\/\/evavedel.com\/en\/exposition-premier-printemps\/#primaryimage\"},\"thumbnailUrl\":\"https:\/\/evavedel.com\/wp-content\/uploads\/2022\/06\/affiche-carre-scaled.jpg\",\"datePublished\":\"2022-04-07T18:25:02+00:00\",\"dateModified\":\"2024-02-01T19:14:11+00:00\",\"breadcrumb\":{\"@id\":\"https:\/\/evavedel.com\/en\/exposition-premier-printemps\/#breadcrumb\"},\"inLanguage\":\"en-GB\",\"potentialAction\":[{\"@type\":\"ReadAction\",\"target\":[\"https:\/\/evavedel.com\/en\/exposition-premier-printemps\/\"]}]},{\"@type\":\"ImageObject\",\"inLanguage\":\"en-GB\",\"@id\":\"https:\/\/evavedel.com\/en\/exposition-premier-printemps\/#primaryimage\",\"url\":\"https:\/\/evavedel.com\/wp-content\/uploads\/2022\/06\/affiche-carre-scaled.jpg\",\"contentUrl\":\"https:\/\/evavedel.com\/wp-content\/uploads\/2022\/06\/affiche-carre-scaled.jpg\",\"width\":2560,\"height\":2560},{\"@type\":\"BreadcrumbList\",\"@id\":\"https:\/\/evavedel.com\/en\/exposition-premier-printemps\/#breadcrumb\",\"itemListElement\":[{\"@type\":\"ListItem\",\"position\":1,\"name\":\"Accueil\",\"item\":\"https:\/\/evavedel.com\/\"},{\"@type\":\"ListItem\",\"position\":2,\"name\":\"Exposition Premier Printemps\"}]},{\"@type\":\"WebSite\",\"@id\":\"https:\/\/evavedel.com\/#website\",\"url\":\"https:\/\/evavedel.com\/\",\"name\":\"Eva Vedel\",\"description\":\"Designer &amp; artiste\",\"publisher\":{\"@id\":\"https:\/\/evavedel.com\/#\/schema\/person\/600e7bbae59c2b0909798bd750172c2d\"},\"potentialAction\":[{\"@type\":\"SearchAction\",\"target\":{\"@type\":\"EntryPoint\",\"urlTemplate\":\"https:\/\/evavedel.com\/?s={search_term_string}\"},\"query-input\":{\"@type\":\"PropertyValueSpecification\",\"valueRequired\":true,\"valueName\":\"search_term_string\"}}],\"inLanguage\":\"en-GB\"},{\"@type\":[\"Person\",\"Organization\"],\"@id\":\"https:\/\/evavedel.com\/#\/schema\/person\/600e7bbae59c2b0909798bd750172c2d\",\"name\":\"Eva Vedel\",\"image\":{\"@type\":\"ImageObject\",\"inLanguage\":\"en-GB\",\"@id\":\"https:\/\/evavedel.com\/#\/schema\/person\/image\/\",\"url\":\"https:\/\/evavedel.com\/wp-content\/uploads\/2024\/10\/LOGO_Eva-Vedel_2022-2_Plan-de-travail-1-copie.png\",\"contentUrl\":\"https:\/\/evavedel.com\/wp-content\/uploads\/2024\/10\/LOGO_Eva-Vedel_2022-2_Plan-de-travail-1-copie.png\",\"width\":5000,\"height\":5000,\"caption\":\"Eva Vedel\"},\"logo\":{\"@id\":\"https:\/\/evavedel.com\/#\/schema\/person\/image\/\"},\"sameAs\":[\"https:\/\/www.instagram.com\/eva.vedel\/?hl=fr\",\"https:\/\/www.linkedin.com\/in\/evavedel\/\"]},{\"@type\":\"Person\",\"@id\":\"https:\/\/evavedel.com\/#\/schema\/person\/05ebfc46de98d7cad69623941f5cf872\",\"name\":\"admin3648\",\"image\":{\"@type\":\"ImageObject\",\"inLanguage\":\"en-GB\",\"@id\":\"https:\/\/evavedel.com\/#\/schema\/person\/image\/\",\"url\":\"https:\/\/secure.gravatar.com\/avatar\/6ccac73fcba0dddd4f46a8067c88ebe1caf6a2c7dc38ca08a7a57ebc60b35a9a?s=96&d=mm&r=g\",\"contentUrl\":\"https:\/\/secure.gravatar.com\/avatar\/6ccac73fcba0dddd4f46a8067c88ebe1caf6a2c7dc38ca08a7a57ebc60b35a9a?s=96&d=mm&r=g\",\"caption\":\"admin3648\"},\"sameAs\":[\"https:\/\/evavedel.com\"],\"url\":\"https:\/\/evavedel.com\/en\/author\/admin3648\/\"}]}<\/script>\n<!-- \/ Yoast SEO plugin. -->","yoast_head_json":{"title":"Exposition Premier Printemps - Eva Vedel","robots":{"index":"index","follow":"follow","max-snippet":"max-snippet:-1","max-image-preview":"max-image-preview:large","max-video-preview":"max-video-preview:-1"},"canonical":"https:\/\/evavedel.com\/en\/exposition-premier-printemps\/","og_locale":"en_GB","og_type":"article","og_title":"Exposition Premier Printemps - Eva Vedel","og_description":"Date exposition : avril 2022 Une m\u00e9diation et une sc\u00e9nographie collective Nous nous sommes rencontr\u00e9.es lors de nos \u00e9tudes en artet design et depuis, nous avons d\u00e9velopp\u00e9 une synergieconstruisant un processus de partage de nos travaux au seindu groupe. Cela nous permet d&rsquo;\u00eatre \u00e0 l&rsquo;initiative d&rsquo;uner\u00e9elle force de proposition individuelle influenc\u00e9e parces r\u00e9flexions collectives. Apr\u00e8s [&hellip;]","og_url":"https:\/\/evavedel.com\/en\/exposition-premier-printemps\/","og_site_name":"Eva Vedel","article_published_time":"2022-04-07T18:25:02+00:00","article_modified_time":"2024-02-01T19:14:11+00:00","og_image":[{"width":2560,"height":2560,"url":"https:\/\/evavedel.com\/wp-content\/uploads\/2022\/06\/affiche-carre-scaled.jpg","type":"image\/jpeg"}],"author":"admin3648","twitter_card":"summary_large_image","twitter_misc":{"Written by":"admin3648","Estimated reading time":"1 minute"},"schema":{"@context":"https:\/\/schema.org","@graph":[{"@type":"Article","@id":"https:\/\/evavedel.com\/en\/exposition-premier-printemps\/#article","isPartOf":{"@id":"https:\/\/evavedel.com\/en\/exposition-premier-printemps\/"},"author":{"name":"admin3648","@id":"https:\/\/evavedel.com\/#\/schema\/person\/05ebfc46de98d7cad69623941f5cf872"},"headline":"Exposition Premier Printemps","datePublished":"2022-04-07T18:25:02+00:00","dateModified":"2024-02-01T19:14:11+00:00","mainEntityOfPage":{"@id":"https:\/\/evavedel.com\/en\/exposition-premier-printemps\/"},"wordCount":243,"publisher":{"@id":"https:\/\/evavedel.com\/#\/schema\/person\/600e7bbae59c2b0909798bd750172c2d"},"image":{"@id":"https:\/\/evavedel.com\/en\/exposition-premier-printemps\/#primaryimage"},"thumbnailUrl":"https:\/\/evavedel.com\/wp-content\/uploads\/2022\/06\/affiche-carre-scaled.jpg","keywords":["collectif","Collectif Ka\u00efros","ESAD","exposition","PLA","premier printemps","temps"],"articleSection":["Expositions"],"inLanguage":"en-GB"},{"@type":"WebPage","@id":"https:\/\/evavedel.com\/en\/exposition-premier-printemps\/","url":"https:\/\/evavedel.com\/en\/exposition-premier-printemps\/","name":"Exposition Premier Printemps - Eva Vedel","isPartOf":{"@id":"https:\/\/evavedel.com\/#website"},"primaryImageOfPage":{"@id":"https:\/\/evavedel.com\/en\/exposition-premier-printemps\/#primaryimage"},"image":{"@id":"https:\/\/evavedel.com\/en\/exposition-premier-printemps\/#primaryimage"},"thumbnailUrl":"https:\/\/evavedel.com\/wp-content\/uploads\/2022\/06\/affiche-carre-scaled.jpg","datePublished":"2022-04-07T18:25:02+00:00","dateModified":"2024-02-01T19:14:11+00:00","breadcrumb":{"@id":"https:\/\/evavedel.com\/en\/exposition-premier-printemps\/#breadcrumb"},"inLanguage":"en-GB","potentialAction":[{"@type":"ReadAction","target":["https:\/\/evavedel.com\/en\/exposition-premier-printemps\/"]}]},{"@type":"ImageObject","inLanguage":"en-GB","@id":"https:\/\/evavedel.com\/en\/exposition-premier-printemps\/#primaryimage","url":"https:\/\/evavedel.com\/wp-content\/uploads\/2022\/06\/affiche-carre-scaled.jpg","contentUrl":"https:\/\/evavedel.com\/wp-content\/uploads\/2022\/06\/affiche-carre-scaled.jpg","width":2560,"height":2560},{"@type":"BreadcrumbList","@id":"https:\/\/evavedel.com\/en\/exposition-premier-printemps\/#breadcrumb","itemListElement":[{"@type":"ListItem","position":1,"name":"Accueil","item":"https:\/\/evavedel.com\/"},{"@type":"ListItem","position":2,"name":"Exposition Premier Printemps"}]},{"@type":"WebSite","@id":"https:\/\/evavedel.com\/#website","url":"https:\/\/evavedel.com\/","name":"Eva Vedel","description":"Designer &amp; artiste","publisher":{"@id":"https:\/\/evavedel.com\/#\/schema\/person\/600e7bbae59c2b0909798bd750172c2d"},"potentialAction":[{"@type":"SearchAction","target":{"@type":"EntryPoint","urlTemplate":"https:\/\/evavedel.com\/?s={search_term_string}"},"query-input":{"@type":"PropertyValueSpecification","valueRequired":true,"valueName":"search_term_string"}}],"inLanguage":"en-GB"},{"@type":["Person","Organization"],"@id":"https:\/\/evavedel.com\/#\/schema\/person\/600e7bbae59c2b0909798bd750172c2d","name":"Eva Vedel","image":{"@type":"ImageObject","inLanguage":"en-GB","@id":"https:\/\/evavedel.com\/#\/schema\/person\/image\/","url":"https:\/\/evavedel.com\/wp-content\/uploads\/2024\/10\/LOGO_Eva-Vedel_2022-2_Plan-de-travail-1-copie.png","contentUrl":"https:\/\/evavedel.com\/wp-content\/uploads\/2024\/10\/LOGO_Eva-Vedel_2022-2_Plan-de-travail-1-copie.png","width":5000,"height":5000,"caption":"Eva Vedel"},"logo":{"@id":"https:\/\/evavedel.com\/#\/schema\/person\/image\/"},"sameAs":["https:\/\/www.instagram.com\/eva.vedel\/?hl=fr","https:\/\/www.linkedin.com\/in\/evavedel\/"]},{"@type":"Person","@id":"https:\/\/evavedel.com\/#\/schema\/person\/05ebfc46de98d7cad69623941f5cf872","name":"admin3648","image":{"@type":"ImageObject","inLanguage":"en-GB","@id":"https:\/\/evavedel.com\/#\/schema\/person\/image\/","url":"https:\/\/secure.gravatar.com\/avatar\/6ccac73fcba0dddd4f46a8067c88ebe1caf6a2c7dc38ca08a7a57ebc60b35a9a?s=96&d=mm&r=g","contentUrl":"https:\/\/secure.gravatar.com\/avatar\/6ccac73fcba0dddd4f46a8067c88ebe1caf6a2c7dc38ca08a7a57ebc60b35a9a?s=96&d=mm&r=g","caption":"admin3648"},"sameAs":["https:\/\/evavedel.com"],"url":"https:\/\/evavedel.com\/en\/author\/admin3648\/"}]}},"_links":{"self":[{"href":"https:\/\/evavedel.com\/en\/wp-json\/wp\/v2\/posts\/125","targetHints":{"allow":["GET"]}}],"collection":[{"href":"https:\/\/evavedel.com\/en\/wp-json\/wp\/v2\/posts"}],"about":[{"href":"https:\/\/evavedel.com\/en\/wp-json\/wp\/v2\/types\/post"}],"author":[{"embeddable":true,"href":"https:\/\/evavedel.com\/en\/wp-json\/wp\/v2\/users\/1"}],"replies":[{"embeddable":true,"href":"https:\/\/evavedel.com\/en\/wp-json\/wp\/v2\/comments?post=125"}],"version-history":[{"count":11,"href":"https:\/\/evavedel.com\/en\/wp-json\/wp\/v2\/posts\/125\/revisions"}],"predecessor-version":[{"id":430,"href":"https:\/\/evavedel.com\/en\/wp-json\/wp\/v2\/posts\/125\/revisions\/430"}],"wp:featuredmedia":[{"embeddable":true,"href":"https:\/\/evavedel.com\/en\/wp-json\/wp\/v2\/media\/137"}],"wp:attachment":[{"href":"https:\/\/evavedel.com\/en\/wp-json\/wp\/v2\/media?parent=125"}],"wp:term":[{"taxonomy":"category","embeddable":true,"href":"https:\/\/evavedel.com\/en\/wp-json\/wp\/v2\/categories?post=125"},{"taxonomy":"post_tag","embeddable":true,"href":"https:\/\/evavedel.com\/en\/wp-json\/wp\/v2\/tags?post=125"}],"curies":[{"name":"wp","href":"https:\/\/api.w.org\/{rel}","templated":true}]}}