{"id":36,"date":"2020-06-01T20:12:20","date_gmt":"2020-06-01T18:12:20","guid":{"rendered":"https:\/\/evavedel.com\/?p=36"},"modified":"2024-10-21T22:37:20","modified_gmt":"2024-10-21T20:37:20","slug":"kairos","status":"publish","type":"post","link":"https:\/\/evavedel.com\/en\/kairos\/","title":{"rendered":"Ka\u00efros"},"content":{"rendered":"<div class=\"wp-block-cover alignfull is-light has-parallax\" style=\"min-height:66vh;aspect-ratio:unset;\"><span aria-hidden=\"true\" class=\"wp-block-cover__background has-bg-dark-background-color has-background-dim-40 has-background-dim\"><\/span><div class=\"wp-block-cover__image-background wp-image-315 has-parallax\" style=\"background-position:50% 50%;background-image:url(http:\/\/evavedel.com\/wp-content\/uploads\/2022\/06\/IMG_2514-scaled.jpg)\"><\/div><div class=\"wp-block-cover__inner-container is-layout-flow wp-block-cover-is-layout-flow\">\n<div class=\"wp-block-group is-layout-constrained wp-container-core-group-is-layout-33d1d030 wp-block-group-is-layout-constrained\">\n<div class=\"wp-block-group is-style-default has-foreground-color has-senary-background-color has-text-color has-background is-layout-flow wp-block-group-is-layout-flow\">\n<h1 class=\"wp-block-heading has-text-align-center has-white-color has-text-color has-link-color wp-elements-cd6864ac5b2f6b2c6facaa4102bf6b57\">Horloge \u00e0 eau<\/h1>\n\n\n\n<hr class=\"wp-block-separator has-css-opacity\"\/>\n\n\n\n<p class=\"has-text-align-center has-white-color has-text-color has-link-color has-medium-large-font-size wp-elements-88557420ffd4d91965a69af5ef25a654\">Ka\u00efros nous invite \u00e0 prendre son temps.<\/p>\n\n\n\n<div class=\"wp-block-buttons is-horizontal is-content-justification-center is-layout-flex wp-container-core-buttons-is-layout-03627597 wp-block-buttons-is-layout-flex\">\n<div class=\"wp-block-button is-style-outline is-style-outline--1\"><a class=\"wp-block-button__link has-white-color has-primary-background-color has-text-color has-background wp-element-button\" href=\"http:\/\/collectifkairos.com\">Collectif Ka\u00efros<\/a><\/div>\n\n\n\n<div class=\"wp-block-button is-style-outline is-style-outline--2\"><a class=\"wp-block-button__link has-white-color has-primary-background-color has-text-color has-background wp-element-button\">Site du projet<\/a><\/div>\n<\/div>\n<\/div>\n<\/div>\n<\/div><\/div>\n\n\n\n<div style=\"height:100px\" aria-hidden=\"true\" class=\"wp-block-spacer\"><\/div>\n\n\n\n<div class=\"wp-block-columns alignwide is-layout-flex wp-container-core-columns-is-layout-28f84493 wp-block-columns-is-layout-flex\">\n<div class=\"wp-block-column is-layout-flow wp-block-column-is-layout-flow\">\n<h2 class=\"wp-block-heading\">Le temps comme point de d\u00e9part<\/h2>\n\n\n\n<p>L\u2019\u00e9poque moderne nous a rendu esclaves de l\u2019heure, d\u2019un temps mesur\u00e9, chiffr\u00e9, calcul\u00e9, fragment\u00e9. Pourrait-on revenir \u00e0 une perception plus souple d\u2019un temps non fractionn\u00e9, gr\u00e2ce \u00e0 un objet qui nous encouragerait \u00e0 le vivre diff\u00e9remment en le repr\u00e9sentant de mani\u00e8re diffuse ?<\/p>\n\n\n\n<p>\u03ba\u03b1\u03b9\u03c1\u03cc\u03c2 est un objet contemplatif en perp\u00e9tuelle m\u00e9tamorphose qui nous \u201cdonne le temps\u201d et nous encourage \u00e0 ralentir.&nbsp;<\/p>\n\n\n\n<p>Le temps y est mat\u00e9rialis\u00e9 par un changement d\u2019\u00e9tat lent et progressif. Peu \u00e0 peu, l\u2019eau pr\u00e9sente dans la vasque en c\u00e9ramique s\u2019\u00e9vapore et s\u2019infiltre dans la mati\u00e8re poreuse, r\u00e9v\u00e9lant alors un paysage cr\u00e9\u00e9 num\u00e9riquement inspir\u00e9 des formes naturelles (deltas, canyons\u2026).<\/p>\n<\/div>\n\n\n\n<div class=\"wp-block-column is-layout-flow wp-block-column-is-layout-flow\">\n<figure class=\"wp-block-image size-large\"><img loading=\"lazy\" decoding=\"async\" width=\"1024\" height=\"1024\" src=\"https:\/\/evavedel.com\/wp-content\/uploads\/2022\/06\/Vasque-orange-3-1024x1024.jpg\" alt=\"\" class=\"wp-image-316\" srcset=\"https:\/\/evavedel.com\/wp-content\/uploads\/2022\/06\/Vasque-orange-3-1024x1024.jpg 1024w, https:\/\/evavedel.com\/wp-content\/uploads\/2022\/06\/Vasque-orange-3-300x300.jpg 300w, https:\/\/evavedel.com\/wp-content\/uploads\/2022\/06\/Vasque-orange-3-150x150.jpg 150w, https:\/\/evavedel.com\/wp-content\/uploads\/2022\/06\/Vasque-orange-3-768x768.jpg 768w, https:\/\/evavedel.com\/wp-content\/uploads\/2022\/06\/Vasque-orange-3-1536x1536.jpg 1536w, https:\/\/evavedel.com\/wp-content\/uploads\/2022\/06\/Vasque-orange-3-2048x2048.jpg 2048w, https:\/\/evavedel.com\/wp-content\/uploads\/2022\/06\/Vasque-orange-3-1792x1792.jpg 1792w\" sizes=\"auto, (max-width: 1024px) 100vw, 1024px\" \/><figcaption class=\"wp-element-caption\">Vasque Ka\u00efros.<\/figcaption><\/figure>\n<\/div>\n<\/div>\n\n\n\n<figure class=\"wp-block-video\"><video height=\"768\" style=\"aspect-ratio: 1024 \/ 768;\" width=\"1024\" controls src=\"https:\/\/evavedel.com\/wp-content\/uploads\/2022\/06\/Animation_vasque.mp4\"><\/video><\/figure>\n\n\n\n<p>Evaporation de l&rsquo;eau et r\u00e9v\u00e9lation du paysage.<\/p>\n\n\n\n<div style=\"height:100px\" aria-hidden=\"true\" class=\"wp-block-spacer\"><\/div>\n\n\n\n<div class=\"wp-block-columns alignwide is-layout-flex wp-container-core-columns-is-layout-28f84493 wp-block-columns-is-layout-flex\">\n<div class=\"wp-block-column is-layout-flow wp-block-column-is-layout-flow\">\n<figure class=\"wp-block-image size-large\"><img loading=\"lazy\" decoding=\"async\" width=\"1024\" height=\"689\" src=\"https:\/\/evavedel.com\/wp-content\/uploads\/2022\/06\/paysage-1024x689.jpg\" alt=\"\" class=\"wp-image-319\" srcset=\"https:\/\/evavedel.com\/wp-content\/uploads\/2022\/06\/paysage-1024x689.jpg 1024w, https:\/\/evavedel.com\/wp-content\/uploads\/2022\/06\/paysage-300x202.jpg 300w, https:\/\/evavedel.com\/wp-content\/uploads\/2022\/06\/paysage-768x516.jpg 768w, https:\/\/evavedel.com\/wp-content\/uploads\/2022\/06\/paysage-1536x1033.jpg 1536w, https:\/\/evavedel.com\/wp-content\/uploads\/2022\/06\/paysage-2048x1377.jpg 2048w, https:\/\/evavedel.com\/wp-content\/uploads\/2022\/06\/paysage-1792x1205.jpg 1792w\" sizes=\"auto, (max-width: 1024px) 100vw, 1024px\" \/><figcaption class=\"wp-element-caption\">Arbre g\u00e9n\u00e9r\u00e9 par l&rsquo;algorithme Lichtenberg.<\/figcaption><\/figure>\n<\/div>\n\n\n\n<div class=\"wp-block-column is-layout-flow wp-block-column-is-layout-flow\">\n<h2 class=\"wp-block-heading\">Un paysage g\u00e9n\u00e9r\u00e9 par un algorithme<\/h2>\n\n\n\n<p>Le motif est g\u00e9n\u00e9r\u00e9 par un algorithme, puis imprim\u00e9 en 3D : ainsi chaque objet est unique. Nous cherchons par l\u2019outil qu\u2019est le code \u00e0 perdre le contr\u00f4le sur la cr\u00e9ation. En nous laissant d\u00e9passer par notre algorithme, qui prend vie sous nos yeux pour cr\u00e9er notre paysage, nous devenons nous-m\u00eame contemplateurs.<\/p>\n\n\n\n<p>Langage Python &#8211; outil Blender<\/p>\n<\/div>\n<\/div>\n\n\n\n<p><\/p>","protected":false},"excerpt":{"rendered":"<p>Le temps comme point de d\u00e9part L\u2019\u00e9poque moderne nous a rendu esclaves de l\u2019heure, d\u2019un temps mesur\u00e9, chiffr\u00e9, calcul\u00e9, fragment\u00e9. Pourrait-on revenir \u00e0 une perception plus souple d\u2019un temps non fractionn\u00e9, gr\u00e2ce \u00e0 un objet qui nous encouragerait \u00e0 le vivre diff\u00e9remment en le repr\u00e9sentant de mani\u00e8re diffuse ? \u03ba\u03b1\u03b9\u03c1\u03cc\u03c2 est un objet contemplatif en [&hellip;]<\/p>","protected":false},"author":1,"featured_media":56,"comment_status":"closed","ping_status":"open","sticky":false,"template":"wp-custom-template-pages-artiste","format":"standard","meta":{"_themeisle_gutenberg_block_has_review":false,"footnotes":""},"categories":[11],"tags":[8,14,33,21,26,36,32,38,9,34,37,35],"class_list":["post-36","post","type-post","status-publish","format-standard","has-post-thumbnail","hentry","category-projets","tag-ceramique","tag-collectif-kairos","tag-computationnel","tag-design","tag-donnee","tag-eau","tag-faience","tag-horloge","tag-impresion_3d","tag-numerique","tag-temps","tag-vasque"],"yoast_head":"<!-- This site is optimized with the Yoast SEO plugin v24.2 - https:\/\/yoast.com\/wordpress\/plugins\/seo\/ -->\n<title>Ka\u00efros - Eva Vedel<\/title>\n<meta name=\"robots\" content=\"index, follow, max-snippet:-1, max-image-preview:large, max-video-preview:-1\" \/>\n<link rel=\"canonical\" href=\"https:\/\/evavedel.com\/en\/kairos\/\" \/>\n<meta property=\"og:locale\" content=\"en_GB\" \/>\n<meta property=\"og:type\" content=\"article\" \/>\n<meta property=\"og:title\" content=\"Ka\u00efros - Eva Vedel\" \/>\n<meta property=\"og:description\" content=\"Le temps comme point de d\u00e9part L\u2019\u00e9poque moderne nous a rendu esclaves de l\u2019heure, d\u2019un temps mesur\u00e9, chiffr\u00e9, calcul\u00e9, fragment\u00e9. Pourrait-on revenir \u00e0 une perception plus souple d\u2019un temps non fractionn\u00e9, gr\u00e2ce \u00e0 un objet qui nous encouragerait \u00e0 le vivre diff\u00e9remment en le repr\u00e9sentant de mani\u00e8re diffuse ? \u03ba\u03b1\u03b9\u03c1\u03cc\u03c2 est un objet contemplatif en [&hellip;]\" \/>\n<meta property=\"og:url\" content=\"https:\/\/evavedel.com\/en\/kairos\/\" \/>\n<meta property=\"og:site_name\" content=\"Eva Vedel\" \/>\n<meta property=\"article:published_time\" content=\"2020-06-01T18:12:20+00:00\" \/>\n<meta property=\"article:modified_time\" content=\"2024-10-21T20:37:20+00:00\" \/>\n<meta property=\"og:image\" content=\"https:\/\/evavedel.com\/wp-content\/uploads\/2022\/06\/Vasque-orange-2-scaled.jpg\" \/>\n\t<meta property=\"og:image:width\" content=\"2560\" \/>\n\t<meta property=\"og:image:height\" content=\"2560\" \/>\n\t<meta property=\"og:image:type\" content=\"image\/jpeg\" \/>\n<meta name=\"author\" content=\"admin3648\" \/>\n<meta name=\"twitter:card\" content=\"summary_large_image\" \/>\n<meta name=\"twitter:label1\" content=\"Written by\" \/>\n\t<meta name=\"twitter:data1\" content=\"admin3648\" \/>\n\t<meta name=\"twitter:label2\" content=\"Estimated reading time\" \/>\n\t<meta name=\"twitter:data2\" content=\"2 minutes\" \/>\n<script type=\"application\/ld+json\" class=\"yoast-schema-graph\">{\"@context\":\"https:\/\/schema.org\",\"@graph\":[{\"@type\":\"Article\",\"@id\":\"https:\/\/evavedel.com\/en\/kairos\/#article\",\"isPartOf\":{\"@id\":\"https:\/\/evavedel.com\/en\/kairos\/\"},\"author\":{\"name\":\"admin3648\",\"@id\":\"https:\/\/evavedel.com\/#\/schema\/person\/05ebfc46de98d7cad69623941f5cf872\"},\"headline\":\"Ka\u00efros\",\"datePublished\":\"2020-06-01T18:12:20+00:00\",\"dateModified\":\"2024-10-21T20:37:20+00:00\",\"mainEntityOfPage\":{\"@id\":\"https:\/\/evavedel.com\/en\/kairos\/\"},\"wordCount\":234,\"publisher\":{\"@id\":\"https:\/\/evavedel.com\/#\/schema\/person\/600e7bbae59c2b0909798bd750172c2d\"},\"image\":{\"@id\":\"https:\/\/evavedel.com\/en\/kairos\/#primaryimage\"},\"thumbnailUrl\":\"https:\/\/evavedel.com\/wp-content\/uploads\/2022\/06\/Vasque-orange-2-scaled.jpg\",\"keywords\":[\"C\u00e9ramique\",\"Collectif Ka\u00efros\",\"computationnel\",\"design\",\"donn\u00e9e\",\"eau\",\"fa\u00efence\",\"horloge\",\"Impression 3D\",\"num\u00e9rique\",\"temps\",\"vasque\"],\"articleSection\":[\"Projets\"],\"inLanguage\":\"en-GB\"},{\"@type\":\"WebPage\",\"@id\":\"https:\/\/evavedel.com\/en\/kairos\/\",\"url\":\"https:\/\/evavedel.com\/en\/kairos\/\",\"name\":\"Ka\u00efros - Eva Vedel\",\"isPartOf\":{\"@id\":\"https:\/\/evavedel.com\/#website\"},\"primaryImageOfPage\":{\"@id\":\"https:\/\/evavedel.com\/en\/kairos\/#primaryimage\"},\"image\":{\"@id\":\"https:\/\/evavedel.com\/en\/kairos\/#primaryimage\"},\"thumbnailUrl\":\"https:\/\/evavedel.com\/wp-content\/uploads\/2022\/06\/Vasque-orange-2-scaled.jpg\",\"datePublished\":\"2020-06-01T18:12:20+00:00\",\"dateModified\":\"2024-10-21T20:37:20+00:00\",\"breadcrumb\":{\"@id\":\"https:\/\/evavedel.com\/en\/kairos\/#breadcrumb\"},\"inLanguage\":\"en-GB\",\"potentialAction\":[{\"@type\":\"ReadAction\",\"target\":[\"https:\/\/evavedel.com\/en\/kairos\/\"]}]},{\"@type\":\"ImageObject\",\"inLanguage\":\"en-GB\",\"@id\":\"https:\/\/evavedel.com\/en\/kairos\/#primaryimage\",\"url\":\"https:\/\/evavedel.com\/wp-content\/uploads\/2022\/06\/Vasque-orange-2-scaled.jpg\",\"contentUrl\":\"https:\/\/evavedel.com\/wp-content\/uploads\/2022\/06\/Vasque-orange-2-scaled.jpg\",\"width\":2560,\"height\":2560},{\"@type\":\"BreadcrumbList\",\"@id\":\"https:\/\/evavedel.com\/en\/kairos\/#breadcrumb\",\"itemListElement\":[{\"@type\":\"ListItem\",\"position\":1,\"name\":\"Accueil\",\"item\":\"https:\/\/evavedel.com\/\"},{\"@type\":\"ListItem\",\"position\":2,\"name\":\"Ka\u00efros\"}]},{\"@type\":\"WebSite\",\"@id\":\"https:\/\/evavedel.com\/#website\",\"url\":\"https:\/\/evavedel.com\/\",\"name\":\"Eva Vedel\",\"description\":\"Designer &amp; artiste\",\"publisher\":{\"@id\":\"https:\/\/evavedel.com\/#\/schema\/person\/600e7bbae59c2b0909798bd750172c2d\"},\"potentialAction\":[{\"@type\":\"SearchAction\",\"target\":{\"@type\":\"EntryPoint\",\"urlTemplate\":\"https:\/\/evavedel.com\/?s={search_term_string}\"},\"query-input\":{\"@type\":\"PropertyValueSpecification\",\"valueRequired\":true,\"valueName\":\"search_term_string\"}}],\"inLanguage\":\"en-GB\"},{\"@type\":[\"Person\",\"Organization\"],\"@id\":\"https:\/\/evavedel.com\/#\/schema\/person\/600e7bbae59c2b0909798bd750172c2d\",\"name\":\"Eva Vedel\",\"image\":{\"@type\":\"ImageObject\",\"inLanguage\":\"en-GB\",\"@id\":\"https:\/\/evavedel.com\/#\/schema\/person\/image\/\",\"url\":\"https:\/\/evavedel.com\/wp-content\/uploads\/2024\/10\/LOGO_Eva-Vedel_2022-2_Plan-de-travail-1-copie.png\",\"contentUrl\":\"https:\/\/evavedel.com\/wp-content\/uploads\/2024\/10\/LOGO_Eva-Vedel_2022-2_Plan-de-travail-1-copie.png\",\"width\":5000,\"height\":5000,\"caption\":\"Eva Vedel\"},\"logo\":{\"@id\":\"https:\/\/evavedel.com\/#\/schema\/person\/image\/\"},\"sameAs\":[\"https:\/\/www.instagram.com\/eva.vedel\/?hl=fr\",\"https:\/\/www.linkedin.com\/in\/evavedel\/\"]},{\"@type\":\"Person\",\"@id\":\"https:\/\/evavedel.com\/#\/schema\/person\/05ebfc46de98d7cad69623941f5cf872\",\"name\":\"admin3648\",\"image\":{\"@type\":\"ImageObject\",\"inLanguage\":\"en-GB\",\"@id\":\"https:\/\/evavedel.com\/#\/schema\/person\/image\/\",\"url\":\"https:\/\/secure.gravatar.com\/avatar\/6ccac73fcba0dddd4f46a8067c88ebe1caf6a2c7dc38ca08a7a57ebc60b35a9a?s=96&d=mm&r=g\",\"contentUrl\":\"https:\/\/secure.gravatar.com\/avatar\/6ccac73fcba0dddd4f46a8067c88ebe1caf6a2c7dc38ca08a7a57ebc60b35a9a?s=96&d=mm&r=g\",\"caption\":\"admin3648\"},\"sameAs\":[\"https:\/\/evavedel.com\"],\"url\":\"https:\/\/evavedel.com\/en\/author\/admin3648\/\"}]}<\/script>\n<!-- \/ Yoast SEO plugin. -->","yoast_head_json":{"title":"Ka\u00efros - Eva Vedel","robots":{"index":"index","follow":"follow","max-snippet":"max-snippet:-1","max-image-preview":"max-image-preview:large","max-video-preview":"max-video-preview:-1"},"canonical":"https:\/\/evavedel.com\/en\/kairos\/","og_locale":"en_GB","og_type":"article","og_title":"Ka\u00efros - Eva Vedel","og_description":"Le temps comme point de d\u00e9part L\u2019\u00e9poque moderne nous a rendu esclaves de l\u2019heure, d\u2019un temps mesur\u00e9, chiffr\u00e9, calcul\u00e9, fragment\u00e9. Pourrait-on revenir \u00e0 une perception plus souple d\u2019un temps non fractionn\u00e9, gr\u00e2ce \u00e0 un objet qui nous encouragerait \u00e0 le vivre diff\u00e9remment en le repr\u00e9sentant de mani\u00e8re diffuse ? \u03ba\u03b1\u03b9\u03c1\u03cc\u03c2 est un objet contemplatif en [&hellip;]","og_url":"https:\/\/evavedel.com\/en\/kairos\/","og_site_name":"Eva Vedel","article_published_time":"2020-06-01T18:12:20+00:00","article_modified_time":"2024-10-21T20:37:20+00:00","og_image":[{"width":2560,"height":2560,"url":"https:\/\/evavedel.com\/wp-content\/uploads\/2022\/06\/Vasque-orange-2-scaled.jpg","type":"image\/jpeg"}],"author":"admin3648","twitter_card":"summary_large_image","twitter_misc":{"Written by":"admin3648","Estimated reading time":"2 minutes"},"schema":{"@context":"https:\/\/schema.org","@graph":[{"@type":"Article","@id":"https:\/\/evavedel.com\/en\/kairos\/#article","isPartOf":{"@id":"https:\/\/evavedel.com\/en\/kairos\/"},"author":{"name":"admin3648","@id":"https:\/\/evavedel.com\/#\/schema\/person\/05ebfc46de98d7cad69623941f5cf872"},"headline":"Ka\u00efros","datePublished":"2020-06-01T18:12:20+00:00","dateModified":"2024-10-21T20:37:20+00:00","mainEntityOfPage":{"@id":"https:\/\/evavedel.com\/en\/kairos\/"},"wordCount":234,"publisher":{"@id":"https:\/\/evavedel.com\/#\/schema\/person\/600e7bbae59c2b0909798bd750172c2d"},"image":{"@id":"https:\/\/evavedel.com\/en\/kairos\/#primaryimage"},"thumbnailUrl":"https:\/\/evavedel.com\/wp-content\/uploads\/2022\/06\/Vasque-orange-2-scaled.jpg","keywords":["C\u00e9ramique","Collectif Ka\u00efros","computationnel","design","donn\u00e9e","eau","fa\u00efence","horloge","Impression 3D","num\u00e9rique","temps","vasque"],"articleSection":["Projets"],"inLanguage":"en-GB"},{"@type":"WebPage","@id":"https:\/\/evavedel.com\/en\/kairos\/","url":"https:\/\/evavedel.com\/en\/kairos\/","name":"Ka\u00efros - Eva Vedel","isPartOf":{"@id":"https:\/\/evavedel.com\/#website"},"primaryImageOfPage":{"@id":"https:\/\/evavedel.com\/en\/kairos\/#primaryimage"},"image":{"@id":"https:\/\/evavedel.com\/en\/kairos\/#primaryimage"},"thumbnailUrl":"https:\/\/evavedel.com\/wp-content\/uploads\/2022\/06\/Vasque-orange-2-scaled.jpg","datePublished":"2020-06-01T18:12:20+00:00","dateModified":"2024-10-21T20:37:20+00:00","breadcrumb":{"@id":"https:\/\/evavedel.com\/en\/kairos\/#breadcrumb"},"inLanguage":"en-GB","potentialAction":[{"@type":"ReadAction","target":["https:\/\/evavedel.com\/en\/kairos\/"]}]},{"@type":"ImageObject","inLanguage":"en-GB","@id":"https:\/\/evavedel.com\/en\/kairos\/#primaryimage","url":"https:\/\/evavedel.com\/wp-content\/uploads\/2022\/06\/Vasque-orange-2-scaled.jpg","contentUrl":"https:\/\/evavedel.com\/wp-content\/uploads\/2022\/06\/Vasque-orange-2-scaled.jpg","width":2560,"height":2560},{"@type":"BreadcrumbList","@id":"https:\/\/evavedel.com\/en\/kairos\/#breadcrumb","itemListElement":[{"@type":"ListItem","position":1,"name":"Accueil","item":"https:\/\/evavedel.com\/"},{"@type":"ListItem","position":2,"name":"Ka\u00efros"}]},{"@type":"WebSite","@id":"https:\/\/evavedel.com\/#website","url":"https:\/\/evavedel.com\/","name":"Eva Vedel","description":"Designer &amp; artiste","publisher":{"@id":"https:\/\/evavedel.com\/#\/schema\/person\/600e7bbae59c2b0909798bd750172c2d"},"potentialAction":[{"@type":"SearchAction","target":{"@type":"EntryPoint","urlTemplate":"https:\/\/evavedel.com\/?s={search_term_string}"},"query-input":{"@type":"PropertyValueSpecification","valueRequired":true,"valueName":"search_term_string"}}],"inLanguage":"en-GB"},{"@type":["Person","Organization"],"@id":"https:\/\/evavedel.com\/#\/schema\/person\/600e7bbae59c2b0909798bd750172c2d","name":"Eva Vedel","image":{"@type":"ImageObject","inLanguage":"en-GB","@id":"https:\/\/evavedel.com\/#\/schema\/person\/image\/","url":"https:\/\/evavedel.com\/wp-content\/uploads\/2024\/10\/LOGO_Eva-Vedel_2022-2_Plan-de-travail-1-copie.png","contentUrl":"https:\/\/evavedel.com\/wp-content\/uploads\/2024\/10\/LOGO_Eva-Vedel_2022-2_Plan-de-travail-1-copie.png","width":5000,"height":5000,"caption":"Eva Vedel"},"logo":{"@id":"https:\/\/evavedel.com\/#\/schema\/person\/image\/"},"sameAs":["https:\/\/www.instagram.com\/eva.vedel\/?hl=fr","https:\/\/www.linkedin.com\/in\/evavedel\/"]},{"@type":"Person","@id":"https:\/\/evavedel.com\/#\/schema\/person\/05ebfc46de98d7cad69623941f5cf872","name":"admin3648","image":{"@type":"ImageObject","inLanguage":"en-GB","@id":"https:\/\/evavedel.com\/#\/schema\/person\/image\/","url":"https:\/\/secure.gravatar.com\/avatar\/6ccac73fcba0dddd4f46a8067c88ebe1caf6a2c7dc38ca08a7a57ebc60b35a9a?s=96&d=mm&r=g","contentUrl":"https:\/\/secure.gravatar.com\/avatar\/6ccac73fcba0dddd4f46a8067c88ebe1caf6a2c7dc38ca08a7a57ebc60b35a9a?s=96&d=mm&r=g","caption":"admin3648"},"sameAs":["https:\/\/evavedel.com"],"url":"https:\/\/evavedel.com\/en\/author\/admin3648\/"}]}},"_links":{"self":[{"href":"https:\/\/evavedel.com\/en\/wp-json\/wp\/v2\/posts\/36","targetHints":{"allow":["GET"]}}],"collection":[{"href":"https:\/\/evavedel.com\/en\/wp-json\/wp\/v2\/posts"}],"about":[{"href":"https:\/\/evavedel.com\/en\/wp-json\/wp\/v2\/types\/post"}],"author":[{"embeddable":true,"href":"https:\/\/evavedel.com\/en\/wp-json\/wp\/v2\/users\/1"}],"replies":[{"embeddable":true,"href":"https:\/\/evavedel.com\/en\/wp-json\/wp\/v2\/comments?post=36"}],"version-history":[{"count":5,"href":"https:\/\/evavedel.com\/en\/wp-json\/wp\/v2\/posts\/36\/revisions"}],"predecessor-version":[{"id":1277,"href":"https:\/\/evavedel.com\/en\/wp-json\/wp\/v2\/posts\/36\/revisions\/1277"}],"wp:featuredmedia":[{"embeddable":true,"href":"https:\/\/evavedel.com\/en\/wp-json\/wp\/v2\/media\/56"}],"wp:attachment":[{"href":"https:\/\/evavedel.com\/en\/wp-json\/wp\/v2\/media?parent=36"}],"wp:term":[{"taxonomy":"category","embeddable":true,"href":"https:\/\/evavedel.com\/en\/wp-json\/wp\/v2\/categories?post=36"},{"taxonomy":"post_tag","embeddable":true,"href":"https:\/\/evavedel.com\/en\/wp-json\/wp\/v2\/tags?post=36"}],"curies":[{"name":"wp","href":"https:\/\/api.w.org\/{rel}","templated":true}]}}