{"id":40,"date":"2020-06-01T20:15:41","date_gmt":"2020-06-01T18:15:41","guid":{"rendered":"https:\/\/evavedel.com\/?p=40"},"modified":"2024-10-21T22:41:23","modified_gmt":"2024-10-21T20:41:23","slug":"dataglyphe-zip","status":"publish","type":"post","link":"https:\/\/evavedel.com\/en\/dataglyphe-zip\/","title":{"rendered":"Dataglyphe.zip"},"content":{"rendered":"<div class=\"wp-block-cover alignfull has-parallax\" style=\"min-height:66vh;aspect-ratio:unset;\"><span aria-hidden=\"true\" class=\"wp-block-cover__background has-black-background-color has-background-dim-30 has-background-dim\"><\/span><div class=\"wp-block-cover__image-background wp-image-514 has-parallax\" style=\"background-position:50% 50%;background-image:url(http:\/\/evavedel.com\/wp-content\/uploads\/2022\/06\/IMG_7398-scaled.jpg)\"><\/div><div class=\"wp-block-cover__inner-container is-layout-flow wp-block-cover-is-layout-flow\">\n<div class=\"wp-block-group is-layout-constrained wp-container-core-group-is-layout-33d1d030 wp-block-group-is-layout-constrained\">\n<div class=\"wp-block-group is-style-default has-foreground-color has-senary-background-color has-text-color has-background is-layout-flow wp-block-group-is-layout-flow\">\n<h1 class=\"wp-block-heading has-text-align-center has-white-color has-text-color has-link-color wp-elements-7bd6c8e4fd157323b31065ffbac3b6c2\">Data sculpture de textes<\/h1>\n\n\n\n<hr class=\"wp-block-separator has-css-opacity\"\/>\n\n\n\n<p class=\"has-text-align-center has-white-color has-text-color has-link-color has-medium-font-size wp-elements-2f3eab2849fc8d8fce221229604921ff\">Dataglyphe.zip est une s\u00e9rie de sculpture dont la forme est g\u00e9n\u00e9r\u00e9e par du texte, puis imprim\u00e9e en 3D c\u00e9ramique.<\/p>\n<\/div>\n<\/div>\n<\/div><\/div>\n\n\n\n<p class=\"has-text-align-center\">Date : 2020<\/p>\n\n\n\n<div style=\"height:23px\" aria-hidden=\"true\" class=\"wp-block-spacer\"><\/div>\n\n\n\n<div class=\"wp-block-group is-layout-flow wp-block-group-is-layout-flow\">\n<h6 class=\"wp-block-heading has-dark-gray-color has-text-color has-link-color wp-elements-414cd91ad97ab9024d9becc69d350fd3\">Dataglyphe a \u00e9t\u00e9 expos\u00e9<\/h6>\n\n\n\n<figure class=\"wp-block-table is-style-tove-vertical-borders\"><table class=\"has-border-color has-foreground-border-color has-fixed-layout\"><tbody><tr><td><strong><a href=\"https:\/\/evavedel.com\/en\/antrepeaux\/\"><strong>Exposition <\/strong>Antrepeaux<\/a><\/strong><\/td><td class=\"has-text-align-right\" data-align=\"right\">mai &#8211; 2022<\/td><\/tr><tr><td><strong><a href=\"https:\/\/evavedel.com\/en\/tant-quil-y-aura-des-fleurs\/\">Exposition Tant qu&rsquo;il y aura des fleurs<\/a><\/strong><\/td><td class=\"has-text-align-right\" data-align=\"right\">mars &#8211; 2022<\/td><\/tr><tr><td><strong>Uncool memories # 2<\/strong><\/td><td class=\"has-text-align-right\" data-align=\"right\">dec &#8211; 2020<\/td><\/tr><\/tbody><\/table><\/figure>\n<\/div>\n\n\n\n<div style=\"height:100px\" aria-hidden=\"true\" class=\"wp-block-spacer\"><\/div>\n\n\n\n<div class=\"wp-block-columns alignwide is-layout-flex wp-container-core-columns-is-layout-28f84493 wp-block-columns-is-layout-flex\">\n<div class=\"wp-block-column is-layout-flow wp-block-column-is-layout-flow\">\n<h2 class=\"wp-block-heading\">Une biblioth\u00e8que physique<\/h2>\n\n\n\n<p>Dataglyphe.zip est une collection de data-sculptures en c\u00e9ramique incarnant un \u00e9crit. Chaque volume donne acc\u00e8s \u00e0 un extrait de ce texte. Au moyen d\u2019un smartphone muni de la technologie NFC, il suffit de scanner l\u2019une des sculptures pour acc\u00e9der au texte publi\u00e9 sur le web. C\u2019est pour ainsi dire, une biblioth\u00e8que physique sous forme de sculptures, qui renvoie \u00e0 un texte virtuel. Ce projet r\u00e9engage l\u2019archive dans la mati\u00e8re en instaurant un passage de l\u2019espace de l\u2019objet vers celui du r\u00e9seau.<\/p>\n<\/div>\n\n\n\n<div class=\"wp-block-column is-layout-flow wp-block-column-is-layout-flow\">\n<figure class=\"wp-block-image size-large\"><img loading=\"lazy\" decoding=\"async\" width=\"768\" height=\"1024\" src=\"http:\/\/evavedel.com\/wp-content\/uploads\/2022\/06\/IMG_1431-768x1024.jpg\" alt=\"\" class=\"wp-image-508\" srcset=\"https:\/\/evavedel.com\/wp-content\/uploads\/2022\/06\/IMG_1431-768x1024.jpg 768w, https:\/\/evavedel.com\/wp-content\/uploads\/2022\/06\/IMG_1431-225x300.jpg 225w, https:\/\/evavedel.com\/wp-content\/uploads\/2022\/06\/IMG_1431-1152x1536.jpg 1152w, https:\/\/evavedel.com\/wp-content\/uploads\/2022\/06\/IMG_1431-1536x2048.jpg 1536w, https:\/\/evavedel.com\/wp-content\/uploads\/2022\/06\/IMG_1431-1792x2389.jpg 1792w, https:\/\/evavedel.com\/wp-content\/uploads\/2022\/06\/IMG_1431-scaled.jpg 1920w\" sizes=\"auto, (max-width: 768px) 100vw, 768px\" \/><figcaption class=\"wp-element-caption\">Gr\u00e8s noir, impression 3D.<\/figcaption><\/figure>\n<\/div>\n<\/div>\n\n\n\n<div class=\"wp-block-columns alignwide is-layout-flex wp-container-core-columns-is-layout-28f84493 wp-block-columns-is-layout-flex\">\n<div class=\"wp-block-column is-layout-flow wp-block-column-is-layout-flow\">\n<h2 class=\"wp-block-heading\">Data_sculpture<\/h2>\n\n\n\n<p>Cette s\u00e9rie est compos\u00e9e de data-sculptures, c\u2019est-\u00e0-dire que les formes des sculptures sont g\u00e9n\u00e9r\u00e9es \u00e0 partir de donn\u00e9es textuelles. Un programme permet d\u2019extraire les donn\u00e9es des textes (nombre de mots, r\u00e9p\u00e9tition des mots, etc) et g\u00e9n\u00e8re une forme sculpturale. Ainsi, le texte informe et forme les sculptures.<\/p>\n<\/div>\n\n\n\n<div class=\"wp-block-column is-layout-flow wp-block-column-is-layout-flow\">\n<figure class=\"wp-block-image size-large\"><img loading=\"lazy\" decoding=\"async\" width=\"1024\" height=\"684\" src=\"http:\/\/evavedel.com\/wp-content\/uploads\/2020\/06\/VEDEL-Eva-\u00a9ESAD-Orleans-Paul-de-Lanzac-15-1024x684.jpg\" alt=\"\" class=\"wp-image-589\" srcset=\"https:\/\/evavedel.com\/wp-content\/uploads\/2020\/06\/VEDEL-Eva-\u00a9ESAD-Orleans-Paul-de-Lanzac-15-1024x684.jpg 1024w, https:\/\/evavedel.com\/wp-content\/uploads\/2020\/06\/VEDEL-Eva-\u00a9ESAD-Orleans-Paul-de-Lanzac-15-300x200.jpg 300w, https:\/\/evavedel.com\/wp-content\/uploads\/2020\/06\/VEDEL-Eva-\u00a9ESAD-Orleans-Paul-de-Lanzac-15-768x513.jpg 768w, https:\/\/evavedel.com\/wp-content\/uploads\/2020\/06\/VEDEL-Eva-\u00a9ESAD-Orleans-Paul-de-Lanzac-15-1536x1025.jpg 1536w, https:\/\/evavedel.com\/wp-content\/uploads\/2020\/06\/VEDEL-Eva-\u00a9ESAD-Orleans-Paul-de-Lanzac-15-2048x1367.jpg 2048w, https:\/\/evavedel.com\/wp-content\/uploads\/2020\/06\/VEDEL-Eva-\u00a9ESAD-Orleans-Paul-de-Lanzac-15-1792x1196.jpg 1792w\" sizes=\"auto, (max-width: 1024px) 100vw, 1024px\" \/><figcaption class=\"wp-element-caption\">Puce NFC dans la sculpture. Photo : Paul de Lanzac<\/figcaption><\/figure>\n<\/div>\n<\/div>\n\n\n\n<figure class=\"wp-block-gallery has-nested-images columns-default is-cropped wp-block-gallery-1 is-layout-flex wp-block-gallery-is-layout-flex\">\n<figure class=\"wp-block-image size-large\"><img loading=\"lazy\" decoding=\"async\" width=\"1024\" height=\"683\" data-id=\"514\" src=\"https:\/\/evavedel.com\/wp-content\/uploads\/2022\/06\/IMG_7398-1024x683.jpg\" alt=\"\" class=\"wp-image-514\" srcset=\"https:\/\/evavedel.com\/wp-content\/uploads\/2022\/06\/IMG_7398-1024x683.jpg 1024w, https:\/\/evavedel.com\/wp-content\/uploads\/2022\/06\/IMG_7398-300x200.jpg 300w, https:\/\/evavedel.com\/wp-content\/uploads\/2022\/06\/IMG_7398-768x512.jpg 768w, https:\/\/evavedel.com\/wp-content\/uploads\/2022\/06\/IMG_7398-1536x1024.jpg 1536w, https:\/\/evavedel.com\/wp-content\/uploads\/2022\/06\/IMG_7398-2048x1365.jpg 2048w, https:\/\/evavedel.com\/wp-content\/uploads\/2022\/06\/IMG_7398-1792x1195.jpg 1792w\" sizes=\"auto, (max-width: 1024px) 100vw, 1024px\" \/><\/figure>\n\n\n\n<figure class=\"wp-block-image size-large\"><img loading=\"lazy\" decoding=\"async\" width=\"768\" height=\"1024\" data-id=\"507\" src=\"https:\/\/evavedel.com\/wp-content\/uploads\/2022\/06\/IMG_1676-768x1024.jpg\" alt=\"\" class=\"wp-image-507\" srcset=\"https:\/\/evavedel.com\/wp-content\/uploads\/2022\/06\/IMG_1676-768x1024.jpg 768w, https:\/\/evavedel.com\/wp-content\/uploads\/2022\/06\/IMG_1676-225x300.jpg 225w, https:\/\/evavedel.com\/wp-content\/uploads\/2022\/06\/IMG_1676-1152x1536.jpg 1152w, https:\/\/evavedel.com\/wp-content\/uploads\/2022\/06\/IMG_1676-1536x2048.jpg 1536w, https:\/\/evavedel.com\/wp-content\/uploads\/2022\/06\/IMG_1676-1792x2389.jpg 1792w, https:\/\/evavedel.com\/wp-content\/uploads\/2022\/06\/IMG_1676-scaled.jpg 1920w\" sizes=\"auto, (max-width: 768px) 100vw, 768px\" \/><\/figure>\n\n\n\n<figure class=\"wp-block-image size-large\"><img loading=\"lazy\" decoding=\"async\" width=\"768\" height=\"1024\" data-id=\"506\" src=\"https:\/\/evavedel.com\/wp-content\/uploads\/2022\/06\/IMG_1685-768x1024.jpg\" alt=\"\" class=\"wp-image-506\" srcset=\"https:\/\/evavedel.com\/wp-content\/uploads\/2022\/06\/IMG_1685-768x1024.jpg 768w, https:\/\/evavedel.com\/wp-content\/uploads\/2022\/06\/IMG_1685-225x300.jpg 225w, https:\/\/evavedel.com\/wp-content\/uploads\/2022\/06\/IMG_1685-1152x1536.jpg 1152w, https:\/\/evavedel.com\/wp-content\/uploads\/2022\/06\/IMG_1685-1536x2048.jpg 1536w, https:\/\/evavedel.com\/wp-content\/uploads\/2022\/06\/IMG_1685-1792x2389.jpg 1792w, https:\/\/evavedel.com\/wp-content\/uploads\/2022\/06\/IMG_1685-scaled.jpg 1920w\" sizes=\"auto, (max-width: 768px) 100vw, 768px\" \/><\/figure>\n\n\n\n<figure class=\"wp-block-image size-large\"><img loading=\"lazy\" decoding=\"async\" width=\"768\" height=\"1024\" data-id=\"510\" src=\"https:\/\/evavedel.com\/wp-content\/uploads\/2022\/06\/IMG_E1512-768x1024.jpg\" alt=\"\" class=\"wp-image-510\" srcset=\"https:\/\/evavedel.com\/wp-content\/uploads\/2022\/06\/IMG_E1512-768x1024.jpg 768w, https:\/\/evavedel.com\/wp-content\/uploads\/2022\/06\/IMG_E1512-225x300.jpg 225w, https:\/\/evavedel.com\/wp-content\/uploads\/2022\/06\/IMG_E1512-1152x1536.jpg 1152w, https:\/\/evavedel.com\/wp-content\/uploads\/2022\/06\/IMG_E1512-1536x2048.jpg 1536w, https:\/\/evavedel.com\/wp-content\/uploads\/2022\/06\/IMG_E1512-1792x2389.jpg 1792w, https:\/\/evavedel.com\/wp-content\/uploads\/2022\/06\/IMG_E1512-scaled.jpg 1920w\" sizes=\"auto, (max-width: 768px) 100vw, 768px\" \/><\/figure>\n\n\n\n<figure class=\"wp-block-image size-large\"><img loading=\"lazy\" decoding=\"async\" width=\"768\" height=\"1024\" data-id=\"459\" src=\"https:\/\/evavedel.com\/wp-content\/uploads\/2022\/06\/IMG_1650-768x1024.jpg\" alt=\"\" class=\"wp-image-459\" srcset=\"https:\/\/evavedel.com\/wp-content\/uploads\/2022\/06\/IMG_1650-768x1024.jpg 768w, https:\/\/evavedel.com\/wp-content\/uploads\/2022\/06\/IMG_1650-225x300.jpg 225w, https:\/\/evavedel.com\/wp-content\/uploads\/2022\/06\/IMG_1650-1152x1536.jpg 1152w, https:\/\/evavedel.com\/wp-content\/uploads\/2022\/06\/IMG_1650-1536x2048.jpg 1536w, https:\/\/evavedel.com\/wp-content\/uploads\/2022\/06\/IMG_1650-1792x2389.jpg 1792w, https:\/\/evavedel.com\/wp-content\/uploads\/2022\/06\/IMG_1650-scaled.jpg 1920w\" sizes=\"auto, (max-width: 768px) 100vw, 768px\" \/><\/figure>\n\n\n\n<figure class=\"wp-block-image size-large\"><img loading=\"lazy\" decoding=\"async\" width=\"768\" height=\"1024\" data-id=\"460\" src=\"https:\/\/evavedel.com\/wp-content\/uploads\/2022\/06\/IMG_1652-1-768x1024.jpg\" alt=\"\" class=\"wp-image-460\" srcset=\"https:\/\/evavedel.com\/wp-content\/uploads\/2022\/06\/IMG_1652-1-768x1024.jpg 768w, https:\/\/evavedel.com\/wp-content\/uploads\/2022\/06\/IMG_1652-1-225x300.jpg 225w, https:\/\/evavedel.com\/wp-content\/uploads\/2022\/06\/IMG_1652-1-1152x1536.jpg 1152w, https:\/\/evavedel.com\/wp-content\/uploads\/2022\/06\/IMG_1652-1-1536x2048.jpg 1536w, https:\/\/evavedel.com\/wp-content\/uploads\/2022\/06\/IMG_1652-1-1792x2389.jpg 1792w, https:\/\/evavedel.com\/wp-content\/uploads\/2022\/06\/IMG_1652-1-scaled.jpg 1920w\" sizes=\"auto, (max-width: 768px) 100vw, 768px\" \/><\/figure>\n<\/figure>\n\n\n\n<div class=\"wp-block-cover alignwide is-light has-parallax\"><span aria-hidden=\"true\" class=\"wp-block-cover__background has-background-dim-0 has-background-dim\"><\/span><div class=\"wp-block-cover__image-background wp-image-515 has-parallax\" style=\"background-position:50% 50%;background-image:url(https:\/\/evavedel.com\/wp-content\/uploads\/2022\/06\/IMG_7369-1024x683.jpg)\"><\/div><div class=\"wp-block-cover__inner-container is-layout-flow wp-block-cover-is-layout-flow\">\n<h1 class=\"wp-block-heading has-text-align-center has-white-color has-text-color has-gigantic-font-size\">Impression 3D c\u00e9ramique<\/h1>\n<\/div><\/div>\n\n\n\n<div class=\"wp-block-group alignwide is-layout-flow wp-block-group-is-layout-flow\">\n<h2 class=\"wp-block-heading has-text-align-center\">Arch\u00e9ologie du projet<\/h2>\n\n\n\n<p class=\"has-text-align-center\">D\u00e9roulez pour voir toutes les \u00e9tapes<\/p>\n<\/div>\n\n\n\n<div class=\"wp-block-group alignwide is-style-tove-shaded is-layout-flow wp-block-group-is-layout-flow\"><div class=\"lightweight-accordion has-background\"><details><summary class=\"lightweight-accordion-title\" style=\"background:#ffffff;\"><span>Texte vivant<\/span><\/summary><div class=\"lightweight-accordion-body\" style=\"border-color:#ffffff;\">\n\n<div class=\"wp-block-columns is-layout-flex wp-container-core-columns-is-layout-28f84493 wp-block-columns-is-layout-flex\">\n<div class=\"wp-block-column is-vertically-aligned-center is-layout-flow wp-block-column-is-layout-flow\">\n<p>La pens\u00e9e \u00e0 un aspect organique. L&rsquo;\u00e9criture est un ensemble de d\u00e9tours et d&rsquo;entrelacs. Leurs sch\u00e9mas peuvent emprunter des types de repr\u00e9sentations biologiques (comme les phylog\u00e9n\u00e8ses, les arbres g\u00e9n\u00e9alogiques, ou les probabilit\u00e9s en math\u00e9matique).<\/p>\n\n\n\n<p>Dans ce projet, j&rsquo;ai travaill\u00e9 sur la fragmentation des textes et les liaisons qu&rsquo;ils peuvent dessiner entre eux.<\/p>\n\n\n\n<p>Ci-joint, des map que j&rsquo;ai dessin\u00e9 lors de l&rsquo;\u00e9criture de mon m\u00e9moire (DNSEP) qui montrent l&rsquo;architecture et les hi\u00e9rarchisations de la pens\u00e9e. Les liens entre les textes sont de diff\u00e9rents statuts : parfois ce sont des unions, des transitions, des intersections, des oppositions.<\/p>\n<\/div>\n\n\n\n<div class=\"wp-block-column is-layout-flow wp-block-column-is-layout-flow\">\n<figure class=\"wp-block-image size-full\"><img loading=\"lazy\" decoding=\"async\" width=\"1000\" height=\"707\" src=\"http:\/\/evavedel.com\/wp-content\/uploads\/2022\/06\/schemas_ecriture.png\" alt=\"\" class=\"wp-image-544\" srcset=\"https:\/\/evavedel.com\/wp-content\/uploads\/2022\/06\/schemas_ecriture.png 1000w, https:\/\/evavedel.com\/wp-content\/uploads\/2022\/06\/schemas_ecriture-300x212.png 300w, https:\/\/evavedel.com\/wp-content\/uploads\/2022\/06\/schemas_ecriture-768x543.png 768w\" sizes=\"auto, (max-width: 1000px) 100vw, 1000px\" \/><\/figure>\n<\/div>\n<\/div>\n\n\n\n<div class=\"wp-block-columns is-layout-flex wp-container-core-columns-is-layout-28f84493 wp-block-columns-is-layout-flex\">\n<div class=\"wp-block-column is-vertically-aligned-center is-layout-flow wp-block-column-is-layout-flow\">\n<figure class=\"wp-block-image aligncenter size-full\"><img loading=\"lazy\" decoding=\"async\" width=\"1000\" height=\"707\" src=\"https:\/\/evavedel.com\/wp-content\/uploads\/2022\/09\/schema_ecriture_2.png\" alt=\"\" class=\"wp-image-545\" srcset=\"https:\/\/evavedel.com\/wp-content\/uploads\/2022\/09\/schema_ecriture_2.png 1000w, https:\/\/evavedel.com\/wp-content\/uploads\/2022\/09\/schema_ecriture_2-300x212.png 300w, https:\/\/evavedel.com\/wp-content\/uploads\/2022\/09\/schema_ecriture_2-768x543.png 768w\" sizes=\"auto, (max-width: 1000px) 100vw, 1000px\" \/><\/figure>\n<\/div>\n\n\n\n<div class=\"wp-block-column is-vertically-aligned-center is-layout-flow wp-block-column-is-layout-flow\">\n<figure class=\"wp-block-image aligncenter size-large\"><img loading=\"lazy\" decoding=\"async\" width=\"1024\" height=\"527\" src=\"http:\/\/evavedel.com\/wp-content\/uploads\/2022\/09\/e_v2-1024x527.png\" alt=\"\" class=\"wp-image-541\"\/><\/figure>\n<\/div>\n<\/div>\n\n<\/div><\/details><\/div><\/div>\n\n\n\n<div class=\"wp-block-group alignwide is-style-tove-shaded is-layout-flow wp-block-group-is-layout-flow\"><div class=\"lightweight-accordion has-background\"><details><summary class=\"lightweight-accordion-title\" style=\"background:#ffffff;\"><span>Greffes et bifurcations de textes<\/span><\/summary><div class=\"lightweight-accordion-body\" style=\"border-color:#ffffff;\">\n\n<div class=\"wp-block-columns is-layout-flex wp-container-core-columns-is-layout-28f84493 wp-block-columns-is-layout-flex\">\n<div class=\"wp-block-column is-vertically-aligned-center is-layout-flow wp-block-column-is-layout-flow\">\n<p>D\u2019apr\u00e8s cette m\u00e9taphore math\u00e9matique et biologique de l\u2019\u00e9criture, j\u2019ai souhait\u00e9 t\u00e9moigner de la gen\u00e8se de l\u2019\u00e9criture dans une sculpture \u00e9volutive. L&rsquo;id\u00e9e \u00e9tait de faire le lien entre un texte \u00e9crit sur une plateforme num\u00e9rique et une sculpture physique<\/p>\n\n\n\n<p>A l&rsquo;image d&rsquo;un arbre, cette sculpture serait une arborescence compos\u00e9e de branches, o\u00f9 chacune des branches repr\u00e9senterait un texte. <\/p>\n<\/div>\n\n\n\n<div class=\"wp-block-column is-layout-flow wp-block-column-is-layout-flow\">\n<figure class=\"wp-block-image size-full\"><img loading=\"lazy\" decoding=\"async\" width=\"882\" height=\"629\" src=\"http:\/\/evavedel.com\/wp-content\/uploads\/2022\/06\/Faience-2.png\" alt=\"\" class=\"wp-image-559\" srcset=\"https:\/\/evavedel.com\/wp-content\/uploads\/2022\/06\/Faience-2.png 882w, https:\/\/evavedel.com\/wp-content\/uploads\/2022\/06\/Faience-2-300x214.png 300w, https:\/\/evavedel.com\/wp-content\/uploads\/2022\/06\/Faience-2-768x548.png 768w\" sizes=\"auto, (max-width: 882px) 100vw, 882px\" \/><\/figure>\n<\/div>\n<\/div>\n\n\n\n<div class=\"wp-block-columns is-layout-flex wp-container-core-columns-is-layout-28f84493 wp-block-columns-is-layout-flex\">\n<div class=\"wp-block-column is-layout-flow wp-block-column-is-layout-flow\">\n<figure class=\"wp-block-embed is-type-video is-provider-youtube wp-block-embed-youtube wp-embed-aspect-4-3 wp-has-aspect-ratio\"><div class=\"wp-block-embed__wrapper\">\n<iframe loading=\"lazy\" title=\"Arborescence en c\u00e9ramique\" width=\"500\" height=\"375\" src=\"https:\/\/www.youtube.com\/embed\/WxkZzMmjHaQ?feature=oembed\" frameborder=\"0\" allow=\"accelerometer; autoplay; clipboard-write; encrypted-media; gyroscope; picture-in-picture; web-share\" referrerpolicy=\"strict-origin-when-cross-origin\" allowfullscreen><\/iframe>\n<\/div><figcaption class=\"wp-element-caption\">Animation de mes exp\u00e9rimentations.<\/figcaption><\/figure>\n<\/div>\n\n\n\n<div class=\"wp-block-column is-vertically-aligned-center is-layout-flow wp-block-column-is-layout-flow\">\n<p>Le data-objet n\u2019est pas fini dans sa forme, mais continue \u00e0 se construire au fur et \u00e0 mesure que le texte s\u2019\u00e9crie sur le web. Quand j\u2019\u00e9cris un texte, j\u2019ajoute une nouvelle branche \u00e0 la sculpture. Ce dispositif montre la temporalit\u00e9 de l\u2019\u00e9criture et t\u00e9moigne de la mat\u00e9rialit\u00e9 de l\u2019\u00e9criture : sa capacit\u00e9 \u00e0 se r\u00e9agencer.&nbsp;<\/p>\n<\/div>\n<\/div>\n\n\n\n<div class=\"wp-block-columns is-layout-flex wp-container-core-columns-is-layout-28f84493 wp-block-columns-is-layout-flex\">\n<div class=\"wp-block-column is-vertically-aligned-center is-layout-flow wp-block-column-is-layout-flow\">\n<p>Tout mon processus d\u2019exp\u00e9rimentation a pour but d\u2019interpr\u00e9ter plastiquement les transitions entre les textes. Que signifie une transition, une bifurcation, une liaison analogique entre les textes ? Pour cela, j\u2019ai explor\u00e9 des techniques additives : le plomb, la fa\u00efence en sur-cuisson. Afin de r\u00e9ussir \u00e0 greffer une branche \u00e0 l\u2019objet d\u00e8s qu\u2019un nouveau texte \u00e9tait \u00e9crit.<\/p>\n\n\n\n<p><\/p>\n\n\n\n<p>M\u00eame si j\u2019ai appliqu\u00e9 ce principe \u00e0 l\u2019\u00e9criture de mon m\u00e9moire, je pense qu\u2019il serait int\u00e9ressant d\u2019exp\u00e9rimenter ce processus dans un contexte d\u2019\u00e9criture collective. Car, ces bifurcations et embranchements entre les textes renvoient \u00e0 la notion de Fork en programmation. Le Fork est une fonction qui permet \u00e0 un programme de se dupliquer. Elle est souvent utilis\u00e9e dans les logiciels libres pour permettre des contributions. L\u2019auteur(ice) doit autoriser la modification, l\u2019utilisation et la redistribution du code source. <\/p>\n<\/div>\n\n\n\n<div class=\"wp-block-column is-layout-flow wp-block-column-is-layout-flow\">\n<figure class=\"wp-block-image size-large\"><img loading=\"lazy\" decoding=\"async\" width=\"768\" height=\"1024\" src=\"http:\/\/evavedel.com\/wp-content\/uploads\/2022\/09\/IMG_5210-768x1024.jpg\" alt=\"\" class=\"wp-image-562\" srcset=\"https:\/\/evavedel.com\/wp-content\/uploads\/2022\/09\/IMG_5210-768x1024.jpg 768w, https:\/\/evavedel.com\/wp-content\/uploads\/2022\/09\/IMG_5210-225x300.jpg 225w, https:\/\/evavedel.com\/wp-content\/uploads\/2022\/09\/IMG_5210-1152x1536.jpg 1152w, https:\/\/evavedel.com\/wp-content\/uploads\/2022\/09\/IMG_5210-1536x2048.jpg 1536w, https:\/\/evavedel.com\/wp-content\/uploads\/2022\/09\/IMG_5210-1792x2389.jpg 1792w, https:\/\/evavedel.com\/wp-content\/uploads\/2022\/09\/IMG_5210-scaled.jpg 1920w\" sizes=\"auto, (max-width: 768px) 100vw, 768px\" \/><\/figure>\n<\/div>\n<\/div>\n\n<\/div><\/details><\/div><\/div>\n\n\n\n<div class=\"wp-block-group alignwide is-style-tove-shaded is-layout-flow wp-block-group-is-layout-flow\"><div class=\"lightweight-accordion has-background\"><details><summary class=\"lightweight-accordion-title\" style=\"background:#ffffff;\"><span>Du texte \u00e0 la forme<\/span><\/summary><div class=\"lightweight-accordion-body\" style=\"border-color:#ffffff;\">\n\n<p>Afin d&rsquo;incarner un texte dans la mati\u00e8re, il faut lui donner forme. Quelle forme choisir pour incarner des donn\u00e9es textuelles ?<\/p>\n\n\n\n<p>Je me suis int\u00e9ress\u00e9 aux outils d&rsquo;analyse textuelle qui permettent d&rsquo;extraire diff\u00e9rentes donn\u00e9es \u00e0 partir de textes et de corpus de textes. J&rsquo;ai notamment travailler \u00e0 partir du logiciel open source <a rel=\"noreferrer noopener\" href=\"https:\/\/voyant-tools.org\" target=\"_blank\">Voyant Tools<\/a>.<\/p>\n\n\n\n<p class=\"has-text-align-left\">J&rsquo;ai s\u00e9lectionner ces trois donn\u00e9es comme base de mon travail : nombre de mot du texte, les 5 mots les plus fr\u00e9quent, l&rsquo;apparition des mot dans le temps.<\/p>\n\n\n\n<div class=\"wp-block-columns is-layout-flex wp-container-core-columns-is-layout-28f84493 wp-block-columns-is-layout-flex\">\n<div class=\"wp-block-column is-vertically-aligned-center is-layout-flow wp-block-column-is-layout-flow\">\n<figure class=\"wp-block-image size-full\"><img loading=\"lazy\" decoding=\"async\" width=\"700\" height=\"453\" src=\"https:\/\/evavedel.com\/wp-content\/uploads\/2022\/09\/barre-1.png\" alt=\"\" class=\"wp-image-547\" srcset=\"https:\/\/evavedel.com\/wp-content\/uploads\/2022\/09\/barre-1.png 700w, https:\/\/evavedel.com\/wp-content\/uploads\/2022\/09\/barre-1-300x194.png 300w\" sizes=\"auto, (max-width: 700px) 100vw, 700px\" \/><figcaption class=\"wp-element-caption\">5 mots les plus utilis\u00e9s dans le texte.<\/figcaption><\/figure>\n<\/div>\n\n\n\n<div class=\"wp-block-column is-vertically-aligned-center is-layout-flow wp-block-column-is-layout-flow\">\n<figure class=\"wp-block-image aligncenter size-full is-resized\"><img loading=\"lazy\" decoding=\"async\" width=\"700\" height=\"626\" src=\"https:\/\/evavedel.com\/wp-content\/uploads\/2022\/09\/diagramme_2.png\" alt=\"\" class=\"wp-image-548\" style=\"width:290px;height:258px\" srcset=\"https:\/\/evavedel.com\/wp-content\/uploads\/2022\/09\/diagramme_2.png 700w, https:\/\/evavedel.com\/wp-content\/uploads\/2022\/09\/diagramme_2-300x268.png 300w\" sizes=\"auto, (max-width: 700px) 100vw, 700px\" \/><figcaption class=\"wp-element-caption\">Nombre de fois o\u00f9 les 5 mots sont employ\u00e9s.<\/figcaption><\/figure>\n<\/div>\n\n\n\n<div class=\"wp-block-column is-vertically-aligned-center is-layout-flow wp-block-column-is-layout-flow\">\n<figure class=\"wp-block-image size-large\"><img loading=\"lazy\" decoding=\"async\" width=\"1024\" height=\"393\" src=\"https:\/\/evavedel.com\/wp-content\/uploads\/2022\/09\/streamgraph-1024x393.png\" alt=\"\" class=\"wp-image-549\" srcset=\"https:\/\/evavedel.com\/wp-content\/uploads\/2022\/09\/streamgraph-1024x393.png 1024w, https:\/\/evavedel.com\/wp-content\/uploads\/2022\/09\/streamgraph-300x115.png 300w, https:\/\/evavedel.com\/wp-content\/uploads\/2022\/09\/streamgraph-768x295.png 768w, https:\/\/evavedel.com\/wp-content\/uploads\/2022\/09\/streamgraph-1536x589.png 1536w, https:\/\/evavedel.com\/wp-content\/uploads\/2022\/09\/streamgraph-2048x786.png 2048w, https:\/\/evavedel.com\/wp-content\/uploads\/2022\/09\/streamgraph-1792x688.png 1792w\" sizes=\"auto, (max-width: 1024px) 100vw, 1024px\" \/><figcaption class=\"wp-element-caption\">Visualisation globale du texte, apparition des 5 mots dans le temps.<\/figcaption><\/figure>\n<\/div>\n<\/div>\n\n\n\n<div class=\"wp-block-columns is-layout-flex wp-container-core-columns-is-layout-28f84493 wp-block-columns-is-layout-flex\">\n<div class=\"wp-block-column is-layout-flow wp-block-column-is-layout-flow\">\n<figure class=\"wp-block-image size-large\"><img loading=\"lazy\" decoding=\"async\" width=\"768\" height=\"1024\" src=\"http:\/\/evavedel.com\/wp-content\/uploads\/2022\/11\/Sans-titre-1-768x1024.png\" alt=\"\" class=\"wp-image-599\" srcset=\"https:\/\/evavedel.com\/wp-content\/uploads\/2022\/11\/Sans-titre-1-768x1024.png 768w, https:\/\/evavedel.com\/wp-content\/uploads\/2022\/11\/Sans-titre-1-225x300.png 225w, https:\/\/evavedel.com\/wp-content\/uploads\/2022\/11\/Sans-titre-1-1152x1536.png 1152w, https:\/\/evavedel.com\/wp-content\/uploads\/2022\/11\/Sans-titre-1-1536x2048.png 1536w, https:\/\/evavedel.com\/wp-content\/uploads\/2022\/11\/Sans-titre-1-1792x2389.png 1792w\" sizes=\"auto, (max-width: 768px) 100vw, 768px\" \/><\/figure>\n<\/div>\n\n\n\n<div class=\"wp-block-column is-vertically-aligned-center is-layout-flow wp-block-column-is-layout-flow\">\n<p>Trois param\u00e8tres d\u00e9finissent la forme de la sculpture :<\/p>\n\n\n\n<ul class=\"wp-block-list\">\n<li>La hauteur est d\u00e9termin\u00e9e par le nombre de mot<\/li>\n\n\n\n<li>Le profil est d\u00e9termin\u00e9 par un diagramme de Kiviat (radar chart) dont les param\u00e8tres sont les 5 mots les plus fr\u00e9quents du texte.<\/li>\n\n\n\n<li>La courbe est issue d\u2019un streamgraph qui montre l\u2019apparition des 5 mots les plus fr\u00e9quents du texte sur l\u2019\u00e9chelle du temps.<\/li>\n<\/ul>\n<\/div>\n<\/div>\n\n<\/div><\/details><\/div><\/div>\n\n\n\n<div class=\"wp-block-group alignwide is-style-tove-shaded is-layout-flow wp-block-group-is-layout-flow\"><div class=\"lightweight-accordion has-background\"><details><summary class=\"lightweight-accordion-title\" style=\"background:#ffffff;\"><span>Pourquoi la c\u00e9ramique ?<\/span><\/summary><div class=\"lightweight-accordion-body\" style=\"border-color:#ffffff;\">\n\n<div class=\"wp-block-columns is-layout-flex wp-container-core-columns-is-layout-28f84493 wp-block-columns-is-layout-flex\">\n<div class=\"wp-block-column is-vertically-aligned-center is-layout-flow wp-block-column-is-layout-flow\">\n<p>La c\u00e9ramique fait \u00e9chos avec l\u2019histoire de l\u2019\u00e9criture : les tablettes d\u2019argiles durant l\u2019antiquit\u00e9. Ces tablettes \u00e0 \u00e9crire ont un rapport \u00e0 la temporalit\u00e9 de l\u2019\u00e9criture : soit la tablette \u00e9tait cuite et l\u2019inscription restait p\u00e9renne, soit l\u2019on recyclait la terre, faisant dispara\u00eetre le texte.<\/p>\n\n\n\n<p>Les donn\u00e9es num\u00e9riques, elles, ne sont pas immuables. Je souhaitais sortir les donn\u00e9es de leur inscription num\u00e9rique pour les r\u00e9inscrire sur des mat\u00e9riaux traditionnels.  La c\u00e9ramique et la pierre sont depuis toujours \u00ab les mat\u00e9riaux de la m\u00e9moire \u00bb : on grave les noms dans la pierre pour ne pas oublier.<\/p>\n<\/div>\n\n\n\n<div class=\"wp-block-column is-layout-flow wp-block-column-is-layout-flow\">\n<figure class=\"wp-block-image aligncenter size-full is-resized\"><img loading=\"lazy\" decoding=\"async\" width=\"290\" height=\"290\" src=\"https:\/\/evavedel.com\/wp-content\/uploads\/2022\/11\/tablette-argile.png\" alt=\"\" class=\"wp-image-593\" style=\"width:270px;height:270px\" srcset=\"https:\/\/evavedel.com\/wp-content\/uploads\/2022\/11\/tablette-argile.png 290w, https:\/\/evavedel.com\/wp-content\/uploads\/2022\/11\/tablette-argile-150x150.png 150w\" sizes=\"auto, (max-width: 290px) 100vw, 290px\" \/><figcaption class=\"wp-element-caption\">Tablette d&rsquo;argile, 3300 av JC<\/figcaption><\/figure>\n<\/div>\n<\/div>\n\n<\/div><\/details><\/div><\/div>\n\n\n\n<div class=\"wp-block-group alignwide is-style-tove-shaded is-layout-flow wp-block-group-is-layout-flow\"><div class=\"lightweight-accordion has-background\"><details><summary class=\"lightweight-accordion-title\" style=\"background:#ffffff;\"><span>Agencement des sculptures textuelles<\/span><\/summary><div class=\"lightweight-accordion-body\" style=\"border-color:#ffffff;\">\n\n<div class=\"wp-block-columns is-layout-flex wp-container-core-columns-is-layout-28f84493 wp-block-columns-is-layout-flex\">\n<div class=\"wp-block-column is-vertically-aligned-top is-layout-flow wp-block-column-is-layout-flow\">\n<p>Cette \u0153uvre est l&rsquo;incarnation d&rsquo;un texte. Chaque sculpture qui la compose, est l&rsquo;incarnation d&rsquo;un fragment de ce texte. Ainsi chaque sculpture textuelle est agenc\u00e9e l&rsquo;une \u00e0 c\u00f4t\u00e9 de l&rsquo;autre dans une logique de lecture.<\/p>\n<\/div>\n\n\n\n<div class=\"wp-block-column is-layout-flow wp-block-column-is-layout-flow\">\n<figure class=\"wp-block-image aligncenter size-large\"><img loading=\"lazy\" decoding=\"async\" width=\"326\" height=\"1024\" src=\"https:\/\/evavedel.com\/wp-content\/uploads\/2022\/11\/Plan_formes_memoire-1-326x1024.png\" alt=\"\" class=\"wp-image-605\" srcset=\"https:\/\/evavedel.com\/wp-content\/uploads\/2022\/11\/Plan_formes_memoire-1-326x1024.png 326w, https:\/\/evavedel.com\/wp-content\/uploads\/2022\/11\/Plan_formes_memoire-1-489x1536.png 489w, https:\/\/evavedel.com\/wp-content\/uploads\/2022\/11\/Plan_formes_memoire-1.png 637w\" sizes=\"auto, (max-width: 326px) 100vw, 326px\" \/><figcaption class=\"wp-element-caption\">Vue de haut des sculptures.<\/figcaption><\/figure>\n<\/div>\n<\/div>\n\n<\/div><\/details><\/div><\/div>","protected":false},"excerpt":{"rendered":"<p>Date : 2020 Dataglyphe a \u00e9t\u00e9 expos\u00e9 Exposition Antrepeaux mai &#8211; 2022 Exposition Tant qu&rsquo;il y aura des fleurs mars &#8211; 2022 Uncool memories # 2 dec &#8211; 2020 Une biblioth\u00e8que physique Dataglyphe.zip est une collection de data-sculptures en c\u00e9ramique incarnant un \u00e9crit. Chaque volume donne acc\u00e8s \u00e0 un extrait de ce texte. Au moyen [&hellip;]<\/p>","protected":false},"author":1,"featured_media":587,"comment_status":"closed","ping_status":"closed","sticky":true,"template":"wp-custom-template-pages-artiste","format":"standard","meta":{"_themeisle_gutenberg_block_has_review":false,"footnotes":""},"categories":[11],"tags":[31,8,25,27,26,29,9,28,30],"class_list":["post-40","post","type-post","status-publish","format-standard","has-post-thumbnail","hentry","category-projets","tag-bleu","tag-ceramique","tag-data","tag-datasculpture","tag-donnee","tag-gres","tag-impresion_3d","tag-sculpture","tag-vase"],"yoast_head":"<!-- This site is optimized with the Yoast SEO plugin v24.2 - https:\/\/yoast.com\/wordpress\/plugins\/seo\/ -->\n<title>Dataglyphe.zip - Eva Vedel<\/title>\n<meta name=\"robots\" content=\"index, follow, max-snippet:-1, max-image-preview:large, max-video-preview:-1\" \/>\n<link rel=\"canonical\" href=\"https:\/\/evavedel.com\/en\/dataglyphe-zip\/\" \/>\n<meta property=\"og:locale\" content=\"en_GB\" \/>\n<meta property=\"og:type\" content=\"article\" \/>\n<meta property=\"og:title\" content=\"Dataglyphe.zip - Eva Vedel\" \/>\n<meta property=\"og:description\" content=\"Date : 2020 Dataglyphe a \u00e9t\u00e9 expos\u00e9 Exposition Antrepeaux mai &#8211; 2022 Exposition Tant qu&rsquo;il y aura des fleurs mars &#8211; 2022 Uncool memories # 2 dec &#8211; 2020 Une biblioth\u00e8que physique Dataglyphe.zip est une collection de data-sculptures en c\u00e9ramique incarnant un \u00e9crit. Chaque volume donne acc\u00e8s \u00e0 un extrait de ce texte. Au moyen [&hellip;]\" \/>\n<meta property=\"og:url\" content=\"https:\/\/evavedel.com\/en\/dataglyphe-zip\/\" \/>\n<meta property=\"og:site_name\" content=\"Eva Vedel\" \/>\n<meta property=\"article:published_time\" content=\"2020-06-01T18:15:41+00:00\" \/>\n<meta property=\"article:modified_time\" content=\"2024-10-21T20:41:23+00:00\" \/>\n<meta property=\"og:image\" content=\"https:\/\/evavedel.com\/wp-content\/uploads\/2020\/06\/Eva-Vedel-33.jpg\" \/>\n\t<meta property=\"og:image:width\" content=\"1000\" \/>\n\t<meta property=\"og:image:height\" content=\"1000\" \/>\n\t<meta property=\"og:image:type\" content=\"image\/jpeg\" \/>\n<meta name=\"author\" content=\"admin3648\" \/>\n<meta name=\"twitter:card\" content=\"summary_large_image\" \/>\n<meta name=\"twitter:label1\" content=\"Written by\" \/>\n\t<meta name=\"twitter:data1\" content=\"admin3648\" \/>\n\t<meta name=\"twitter:label2\" content=\"Estimated reading time\" \/>\n\t<meta name=\"twitter:data2\" content=\"9 minutes\" \/>\n<script type=\"application\/ld+json\" class=\"yoast-schema-graph\">{\"@context\":\"https:\/\/schema.org\",\"@graph\":[{\"@type\":\"Article\",\"@id\":\"https:\/\/evavedel.com\/dataglyphe-zip\/#article\",\"isPartOf\":{\"@id\":\"https:\/\/evavedel.com\/dataglyphe-zip\/\"},\"author\":{\"name\":\"admin3648\",\"@id\":\"https:\/\/evavedel.com\/#\/schema\/person\/05ebfc46de98d7cad69623941f5cf872\"},\"headline\":\"Dataglyphe.zip\",\"datePublished\":\"2020-06-01T18:15:41+00:00\",\"dateModified\":\"2024-10-21T20:41:23+00:00\",\"mainEntityOfPage\":{\"@id\":\"https:\/\/evavedel.com\/dataglyphe-zip\/\"},\"wordCount\":996,\"publisher\":{\"@id\":\"https:\/\/evavedel.com\/#\/schema\/person\/600e7bbae59c2b0909798bd750172c2d\"},\"image\":{\"@id\":\"https:\/\/evavedel.com\/dataglyphe-zip\/#primaryimage\"},\"thumbnailUrl\":\"https:\/\/evavedel.com\/wp-content\/uploads\/2020\/06\/Eva-Vedel-33.jpg\",\"keywords\":[\"bleu\",\"C\u00e9ramique\",\"data\",\"datasculpture\",\"donn\u00e9e\",\"gr\u00e8s\",\"Impression 3D\",\"sculpture\",\"vase\"],\"articleSection\":[\"Projets\"],\"inLanguage\":\"en-GB\"},{\"@type\":\"WebPage\",\"@id\":\"https:\/\/evavedel.com\/dataglyphe-zip\/\",\"url\":\"https:\/\/evavedel.com\/dataglyphe-zip\/\",\"name\":\"Dataglyphe.zip - Eva Vedel\",\"isPartOf\":{\"@id\":\"https:\/\/evavedel.com\/#website\"},\"primaryImageOfPage\":{\"@id\":\"https:\/\/evavedel.com\/dataglyphe-zip\/#primaryimage\"},\"image\":{\"@id\":\"https:\/\/evavedel.com\/dataglyphe-zip\/#primaryimage\"},\"thumbnailUrl\":\"https:\/\/evavedel.com\/wp-content\/uploads\/2020\/06\/Eva-Vedel-33.jpg\",\"datePublished\":\"2020-06-01T18:15:41+00:00\",\"dateModified\":\"2024-10-21T20:41:23+00:00\",\"breadcrumb\":{\"@id\":\"https:\/\/evavedel.com\/dataglyphe-zip\/#breadcrumb\"},\"inLanguage\":\"en-GB\",\"potentialAction\":[{\"@type\":\"ReadAction\",\"target\":[\"https:\/\/evavedel.com\/dataglyphe-zip\/\"]}]},{\"@type\":\"ImageObject\",\"inLanguage\":\"en-GB\",\"@id\":\"https:\/\/evavedel.com\/dataglyphe-zip\/#primaryimage\",\"url\":\"https:\/\/evavedel.com\/wp-content\/uploads\/2020\/06\/Eva-Vedel-33.jpg\",\"contentUrl\":\"https:\/\/evavedel.com\/wp-content\/uploads\/2020\/06\/Eva-Vedel-33.jpg\",\"width\":1000,\"height\":1000},{\"@type\":\"BreadcrumbList\",\"@id\":\"https:\/\/evavedel.com\/dataglyphe-zip\/#breadcrumb\",\"itemListElement\":[{\"@type\":\"ListItem\",\"position\":1,\"name\":\"Accueil\",\"item\":\"https:\/\/evavedel.com\/\"},{\"@type\":\"ListItem\",\"position\":2,\"name\":\"Dataglyphe.zip\"}]},{\"@type\":\"WebSite\",\"@id\":\"https:\/\/evavedel.com\/#website\",\"url\":\"https:\/\/evavedel.com\/\",\"name\":\"Eva Vedel\",\"description\":\"Designer &amp; artiste\",\"publisher\":{\"@id\":\"https:\/\/evavedel.com\/#\/schema\/person\/600e7bbae59c2b0909798bd750172c2d\"},\"potentialAction\":[{\"@type\":\"SearchAction\",\"target\":{\"@type\":\"EntryPoint\",\"urlTemplate\":\"https:\/\/evavedel.com\/?s={search_term_string}\"},\"query-input\":{\"@type\":\"PropertyValueSpecification\",\"valueRequired\":true,\"valueName\":\"search_term_string\"}}],\"inLanguage\":\"en-GB\"},{\"@type\":[\"Person\",\"Organization\"],\"@id\":\"https:\/\/evavedel.com\/#\/schema\/person\/600e7bbae59c2b0909798bd750172c2d\",\"name\":\"Eva Vedel\",\"image\":{\"@type\":\"ImageObject\",\"inLanguage\":\"en-GB\",\"@id\":\"https:\/\/evavedel.com\/#\/schema\/person\/image\/\",\"url\":\"https:\/\/evavedel.com\/wp-content\/uploads\/2024\/10\/LOGO_Eva-Vedel_2022-2_Plan-de-travail-1-copie.png\",\"contentUrl\":\"https:\/\/evavedel.com\/wp-content\/uploads\/2024\/10\/LOGO_Eva-Vedel_2022-2_Plan-de-travail-1-copie.png\",\"width\":5000,\"height\":5000,\"caption\":\"Eva Vedel\"},\"logo\":{\"@id\":\"https:\/\/evavedel.com\/#\/schema\/person\/image\/\"},\"sameAs\":[\"https:\/\/www.instagram.com\/eva.vedel\/?hl=fr\",\"https:\/\/www.linkedin.com\/in\/evavedel\/\"]},{\"@type\":\"Person\",\"@id\":\"https:\/\/evavedel.com\/#\/schema\/person\/05ebfc46de98d7cad69623941f5cf872\",\"name\":\"admin3648\",\"image\":{\"@type\":\"ImageObject\",\"inLanguage\":\"en-GB\",\"@id\":\"https:\/\/evavedel.com\/#\/schema\/person\/image\/\",\"url\":\"https:\/\/secure.gravatar.com\/avatar\/6ccac73fcba0dddd4f46a8067c88ebe1caf6a2c7dc38ca08a7a57ebc60b35a9a?s=96&d=mm&r=g\",\"contentUrl\":\"https:\/\/secure.gravatar.com\/avatar\/6ccac73fcba0dddd4f46a8067c88ebe1caf6a2c7dc38ca08a7a57ebc60b35a9a?s=96&d=mm&r=g\",\"caption\":\"admin3648\"},\"sameAs\":[\"https:\/\/evavedel.com\"],\"url\":\"https:\/\/evavedel.com\/en\/author\/admin3648\/\"}]}<\/script>\n<!-- \/ Yoast SEO plugin. -->","yoast_head_json":{"title":"Dataglyphe.zip - Eva Vedel","robots":{"index":"index","follow":"follow","max-snippet":"max-snippet:-1","max-image-preview":"max-image-preview:large","max-video-preview":"max-video-preview:-1"},"canonical":"https:\/\/evavedel.com\/en\/dataglyphe-zip\/","og_locale":"en_GB","og_type":"article","og_title":"Dataglyphe.zip - Eva Vedel","og_description":"Date : 2020 Dataglyphe a \u00e9t\u00e9 expos\u00e9 Exposition Antrepeaux mai &#8211; 2022 Exposition Tant qu&rsquo;il y aura des fleurs mars &#8211; 2022 Uncool memories # 2 dec &#8211; 2020 Une biblioth\u00e8que physique Dataglyphe.zip est une collection de data-sculptures en c\u00e9ramique incarnant un \u00e9crit. Chaque volume donne acc\u00e8s \u00e0 un extrait de ce texte. Au moyen [&hellip;]","og_url":"https:\/\/evavedel.com\/en\/dataglyphe-zip\/","og_site_name":"Eva Vedel","article_published_time":"2020-06-01T18:15:41+00:00","article_modified_time":"2024-10-21T20:41:23+00:00","og_image":[{"width":1000,"height":1000,"url":"https:\/\/evavedel.com\/wp-content\/uploads\/2020\/06\/Eva-Vedel-33.jpg","type":"image\/jpeg"}],"author":"admin3648","twitter_card":"summary_large_image","twitter_misc":{"Written by":"admin3648","Estimated reading time":"9 minutes"},"schema":{"@context":"https:\/\/schema.org","@graph":[{"@type":"Article","@id":"https:\/\/evavedel.com\/dataglyphe-zip\/#article","isPartOf":{"@id":"https:\/\/evavedel.com\/dataglyphe-zip\/"},"author":{"name":"admin3648","@id":"https:\/\/evavedel.com\/#\/schema\/person\/05ebfc46de98d7cad69623941f5cf872"},"headline":"Dataglyphe.zip","datePublished":"2020-06-01T18:15:41+00:00","dateModified":"2024-10-21T20:41:23+00:00","mainEntityOfPage":{"@id":"https:\/\/evavedel.com\/dataglyphe-zip\/"},"wordCount":996,"publisher":{"@id":"https:\/\/evavedel.com\/#\/schema\/person\/600e7bbae59c2b0909798bd750172c2d"},"image":{"@id":"https:\/\/evavedel.com\/dataglyphe-zip\/#primaryimage"},"thumbnailUrl":"https:\/\/evavedel.com\/wp-content\/uploads\/2020\/06\/Eva-Vedel-33.jpg","keywords":["bleu","C\u00e9ramique","data","datasculpture","donn\u00e9e","gr\u00e8s","Impression 3D","sculpture","vase"],"articleSection":["Projets"],"inLanguage":"en-GB"},{"@type":"WebPage","@id":"https:\/\/evavedel.com\/dataglyphe-zip\/","url":"https:\/\/evavedel.com\/dataglyphe-zip\/","name":"Dataglyphe.zip - Eva Vedel","isPartOf":{"@id":"https:\/\/evavedel.com\/#website"},"primaryImageOfPage":{"@id":"https:\/\/evavedel.com\/dataglyphe-zip\/#primaryimage"},"image":{"@id":"https:\/\/evavedel.com\/dataglyphe-zip\/#primaryimage"},"thumbnailUrl":"https:\/\/evavedel.com\/wp-content\/uploads\/2020\/06\/Eva-Vedel-33.jpg","datePublished":"2020-06-01T18:15:41+00:00","dateModified":"2024-10-21T20:41:23+00:00","breadcrumb":{"@id":"https:\/\/evavedel.com\/dataglyphe-zip\/#breadcrumb"},"inLanguage":"en-GB","potentialAction":[{"@type":"ReadAction","target":["https:\/\/evavedel.com\/dataglyphe-zip\/"]}]},{"@type":"ImageObject","inLanguage":"en-GB","@id":"https:\/\/evavedel.com\/dataglyphe-zip\/#primaryimage","url":"https:\/\/evavedel.com\/wp-content\/uploads\/2020\/06\/Eva-Vedel-33.jpg","contentUrl":"https:\/\/evavedel.com\/wp-content\/uploads\/2020\/06\/Eva-Vedel-33.jpg","width":1000,"height":1000},{"@type":"BreadcrumbList","@id":"https:\/\/evavedel.com\/dataglyphe-zip\/#breadcrumb","itemListElement":[{"@type":"ListItem","position":1,"name":"Accueil","item":"https:\/\/evavedel.com\/"},{"@type":"ListItem","position":2,"name":"Dataglyphe.zip"}]},{"@type":"WebSite","@id":"https:\/\/evavedel.com\/#website","url":"https:\/\/evavedel.com\/","name":"Eva Vedel","description":"Designer &amp; artiste","publisher":{"@id":"https:\/\/evavedel.com\/#\/schema\/person\/600e7bbae59c2b0909798bd750172c2d"},"potentialAction":[{"@type":"SearchAction","target":{"@type":"EntryPoint","urlTemplate":"https:\/\/evavedel.com\/?s={search_term_string}"},"query-input":{"@type":"PropertyValueSpecification","valueRequired":true,"valueName":"search_term_string"}}],"inLanguage":"en-GB"},{"@type":["Person","Organization"],"@id":"https:\/\/evavedel.com\/#\/schema\/person\/600e7bbae59c2b0909798bd750172c2d","name":"Eva Vedel","image":{"@type":"ImageObject","inLanguage":"en-GB","@id":"https:\/\/evavedel.com\/#\/schema\/person\/image\/","url":"https:\/\/evavedel.com\/wp-content\/uploads\/2024\/10\/LOGO_Eva-Vedel_2022-2_Plan-de-travail-1-copie.png","contentUrl":"https:\/\/evavedel.com\/wp-content\/uploads\/2024\/10\/LOGO_Eva-Vedel_2022-2_Plan-de-travail-1-copie.png","width":5000,"height":5000,"caption":"Eva Vedel"},"logo":{"@id":"https:\/\/evavedel.com\/#\/schema\/person\/image\/"},"sameAs":["https:\/\/www.instagram.com\/eva.vedel\/?hl=fr","https:\/\/www.linkedin.com\/in\/evavedel\/"]},{"@type":"Person","@id":"https:\/\/evavedel.com\/#\/schema\/person\/05ebfc46de98d7cad69623941f5cf872","name":"admin3648","image":{"@type":"ImageObject","inLanguage":"en-GB","@id":"https:\/\/evavedel.com\/#\/schema\/person\/image\/","url":"https:\/\/secure.gravatar.com\/avatar\/6ccac73fcba0dddd4f46a8067c88ebe1caf6a2c7dc38ca08a7a57ebc60b35a9a?s=96&d=mm&r=g","contentUrl":"https:\/\/secure.gravatar.com\/avatar\/6ccac73fcba0dddd4f46a8067c88ebe1caf6a2c7dc38ca08a7a57ebc60b35a9a?s=96&d=mm&r=g","caption":"admin3648"},"sameAs":["https:\/\/evavedel.com"],"url":"https:\/\/evavedel.com\/en\/author\/admin3648\/"}]}},"_links":{"self":[{"href":"https:\/\/evavedel.com\/en\/wp-json\/wp\/v2\/posts\/40","targetHints":{"allow":["GET"]}}],"collection":[{"href":"https:\/\/evavedel.com\/en\/wp-json\/wp\/v2\/posts"}],"about":[{"href":"https:\/\/evavedel.com\/en\/wp-json\/wp\/v2\/types\/post"}],"author":[{"embeddable":true,"href":"https:\/\/evavedel.com\/en\/wp-json\/wp\/v2\/users\/1"}],"replies":[{"embeddable":true,"href":"https:\/\/evavedel.com\/en\/wp-json\/wp\/v2\/comments?post=40"}],"version-history":[{"count":34,"href":"https:\/\/evavedel.com\/en\/wp-json\/wp\/v2\/posts\/40\/revisions"}],"predecessor-version":[{"id":1281,"href":"https:\/\/evavedel.com\/en\/wp-json\/wp\/v2\/posts\/40\/revisions\/1281"}],"wp:featuredmedia":[{"embeddable":true,"href":"https:\/\/evavedel.com\/en\/wp-json\/wp\/v2\/media\/587"}],"wp:attachment":[{"href":"https:\/\/evavedel.com\/en\/wp-json\/wp\/v2\/media?parent=40"}],"wp:term":[{"taxonomy":"category","embeddable":true,"href":"https:\/\/evavedel.com\/en\/wp-json\/wp\/v2\/categories?post=40"},{"taxonomy":"post_tag","embeddable":true,"href":"https:\/\/evavedel.com\/en\/wp-json\/wp\/v2\/tags?post=40"}],"curies":[{"name":"wp","href":"https:\/\/api.w.org\/{rel}","templated":true}]}}