{"id":407,"date":"2019-06-25T19:37:15","date_gmt":"2019-06-25T17:37:15","guid":{"rendered":"https:\/\/evavedel.com\/?p=407"},"modified":"2024-10-21T16:21:50","modified_gmt":"2024-10-21T14:21:50","slug":"chaise-haute","status":"publish","type":"post","link":"https:\/\/evavedel.com\/en\/chaise-haute\/","title":{"rendered":"Chaise Haute"},"content":{"rendered":"<div class=\"wp-block-cover alignfull is-light has-parallax\" style=\"background-image:url(https:\/\/evavedel.com\/wp-content\/uploads\/2022\/06\/chaise.jpg);min-height:679px;aspect-ratio:unset;\"><span aria-hidden=\"true\" class=\"wp-block-cover__background has-background-dim-0 has-background-dim\"><\/span><div class=\"wp-block-cover__inner-container is-layout-flow wp-block-cover-is-layout-flow\">\n<div class=\"wp-block-group is-layout-constrained wp-container-core-group-is-layout-33d1d030 wp-block-group-is-layout-constrained\">\n<div class=\"wp-block-group is-style-default has-foreground-color has-senary-background-color has-text-color has-background is-layout-flow wp-block-group-is-layout-flow\">\n<h1 class=\"has-text-align-center wp-block-heading\">Une chaise haute avec des pi\u00e8ces d&rsquo;avion<\/h1>\n\n\n\n<hr class=\"wp-block-separator has-text-color has-foreground-color has-alpha-channel-opacity has-foreground-background-color has-background\"\/>\n\n\n\n<p class=\"has-text-align-center has-large-font-size\">Chaise Haute dessin\u00e9 lors du stage avec J\u00e9r\u00e9my Grondin, et propos\u00e9 \u00e0 Airbus A Piece Of Sky.<\/p>\n\n\n\n<div class=\"wp-block-buttons is-horizontal is-content-justification-center is-layout-flex wp-container-core-buttons-is-layout-03627597 wp-block-buttons-is-layout-flex\">\n<div class=\"wp-block-button\"><a class=\"wp-block-button__link has-foreground-color has-primary-background-color has-text-color has-background\" href=\"https:\/\/www.instagram.com\/airbus_apieceofsky\/?hl=fr\" target=\"_blank\" rel=\"noreferrer noopener\">Airbus &#8211; A Piece Of Sky<\/a><\/div>\n<\/div>\n<\/div>\n<\/div>\n<\/div><\/div>\n\n\n\n<p class=\"has-text-align-center\">Date projet : 2020<\/p>\n\n\n\n<div style=\"height:100px\" aria-hidden=\"true\" class=\"wp-block-spacer\"><\/div>\n\n\n\n<div class=\"wp-block-columns alignwide is-layout-flex wp-container-core-columns-is-layout-28f84493 wp-block-columns-is-layout-flex\">\n<div class=\"wp-block-column is-layout-flow wp-block-column-is-layout-flow\">\n<figure class=\"wp-block-image size-full\"><img loading=\"lazy\" decoding=\"async\" width=\"1000\" height=\"1000\" src=\"https:\/\/evavedel.com\/wp-content\/uploads\/2022\/06\/table-haute-1-2.jpg\" alt=\"\" class=\"wp-image-411\" srcset=\"https:\/\/evavedel.com\/wp-content\/uploads\/2022\/06\/table-haute-1-2.jpg 1000w, https:\/\/evavedel.com\/wp-content\/uploads\/2022\/06\/table-haute-1-2-300x300.jpg 300w, https:\/\/evavedel.com\/wp-content\/uploads\/2022\/06\/table-haute-1-2-150x150.jpg 150w, https:\/\/evavedel.com\/wp-content\/uploads\/2022\/06\/table-haute-1-2-768x768.jpg 768w\" sizes=\"auto, (max-width: 1000px) 100vw, 1000px\" \/><\/figure>\n\n\n\n<p>Une pi\u00e8ce d&rsquo;avion en aluminium dessine la dossier de la chaise haute.<\/p>\n\n\n\n<figure class=\"wp-block-image size-full\"><img loading=\"lazy\" decoding=\"async\" width=\"1000\" height=\"750\" src=\"https:\/\/evavedel.com\/wp-content\/uploads\/2022\/06\/IMG_20200203_154818.jpg\" alt=\"\" class=\"wp-image-416\" srcset=\"https:\/\/evavedel.com\/wp-content\/uploads\/2022\/06\/IMG_20200203_154818.jpg 1000w, https:\/\/evavedel.com\/wp-content\/uploads\/2022\/06\/IMG_20200203_154818-300x225.jpg 300w, https:\/\/evavedel.com\/wp-content\/uploads\/2022\/06\/IMG_20200203_154818-768x576.jpg 768w\" sizes=\"auto, (max-width: 1000px) 100vw, 1000px\" \/><\/figure>\n<\/div>\n\n\n\n<div class=\"wp-block-column is-layout-flow wp-block-column-is-layout-flow\">\n<figure class=\"wp-block-image size-large\"><img loading=\"lazy\" decoding=\"async\" width=\"933\" height=\"700\" src=\"https:\/\/evavedel.com\/wp-content\/uploads\/2022\/06\/chaise-haute-edited.jpg\" alt=\"\" class=\"wp-image-413\" srcset=\"https:\/\/evavedel.com\/wp-content\/uploads\/2022\/06\/chaise-haute-edited.jpg 933w, https:\/\/evavedel.com\/wp-content\/uploads\/2022\/06\/chaise-haute-edited-300x225.jpg 300w, https:\/\/evavedel.com\/wp-content\/uploads\/2022\/06\/chaise-haute-edited-768x576.jpg 768w\" sizes=\"auto, (max-width: 933px) 100vw, 933px\" \/><figcaption>Croquis.<\/figcaption><\/figure>\n\n\n\n<figure class=\"wp-block-image size-large\"><img loading=\"lazy\" decoding=\"async\" width=\"1024\" height=\"768\" src=\"https:\/\/evavedel.com\/wp-content\/uploads\/2022\/06\/IMG_20200203_154612-1024x768.jpg\" alt=\"\" class=\"wp-image-415\" srcset=\"https:\/\/evavedel.com\/wp-content\/uploads\/2022\/06\/IMG_20200203_154612-1024x768.jpg 1024w, https:\/\/evavedel.com\/wp-content\/uploads\/2022\/06\/IMG_20200203_154612-300x225.jpg 300w, https:\/\/evavedel.com\/wp-content\/uploads\/2022\/06\/IMG_20200203_154612-768x576.jpg 768w, https:\/\/evavedel.com\/wp-content\/uploads\/2022\/06\/IMG_20200203_154612.jpg 1500w\" sizes=\"auto, (max-width: 1024px) 100vw, 1024px\" \/><\/figure>\n<\/div>\n\n\n\n<div class=\"wp-block-column is-layout-flow wp-block-column-is-layout-flow\">\n<figure class=\"wp-block-image size-full\"><img loading=\"lazy\" decoding=\"async\" width=\"700\" height=\"933\" src=\"https:\/\/evavedel.com\/wp-content\/uploads\/2022\/06\/IMG_20200203_154842-Copie.jpg\" alt=\"\" class=\"wp-image-414\" srcset=\"https:\/\/evavedel.com\/wp-content\/uploads\/2022\/06\/IMG_20200203_154842-Copie.jpg 700w, https:\/\/evavedel.com\/wp-content\/uploads\/2022\/06\/IMG_20200203_154842-Copie-225x300.jpg 225w\" sizes=\"auto, (max-width: 700px) 100vw, 700px\" \/><\/figure>\n\n\n\n<figure class=\"wp-block-image size-full\"><img loading=\"lazy\" decoding=\"async\" width=\"700\" height=\"700\" src=\"https:\/\/evavedel.com\/wp-content\/uploads\/2022\/06\/chaise-1.jpg\" alt=\"\" class=\"wp-image-417\" srcset=\"https:\/\/evavedel.com\/wp-content\/uploads\/2022\/06\/chaise-1.jpg 700w, https:\/\/evavedel.com\/wp-content\/uploads\/2022\/06\/chaise-1-300x300.jpg 300w, https:\/\/evavedel.com\/wp-content\/uploads\/2022\/06\/chaise-1-150x150.jpg 150w\" sizes=\"auto, (max-width: 700px) 100vw, 700px\" \/><\/figure>\n<\/div>\n<\/div>\n\n\n\n<div style=\"height:100px\" aria-hidden=\"true\" class=\"wp-block-spacer\"><\/div>\n\n\n\n<hr class=\"wp-block-separator has-alpha-channel-opacity\"\/>\n\n\n\n<h2 class=\"has-text-align-center wp-block-heading\">D&rsquo;autres projets pour Airbus<\/h2>\n\n\n\n<div class=\"wp-block-columns alignwide is-layout-flex wp-container-core-columns-is-layout-28f84493 wp-block-columns-is-layout-flex\">\n<div class=\"wp-block-column has-senary-background-color has-background is-layout-flow wp-block-column-is-layout-flow\">\n<figure class=\"wp-block-image size-large\"><img loading=\"lazy\" decoding=\"async\" width=\"1024\" height=\"1024\" src=\"http:\/\/evavedel.com\/wp-content\/uploads\/2022\/06\/IMG_05192-1024x1024.jpg\" alt=\"\" class=\"wp-image-406\" srcset=\"https:\/\/evavedel.com\/wp-content\/uploads\/2022\/06\/IMG_05192-1024x1024.jpg 1024w, https:\/\/evavedel.com\/wp-content\/uploads\/2022\/06\/IMG_05192-300x300.jpg 300w, https:\/\/evavedel.com\/wp-content\/uploads\/2022\/06\/IMG_05192-150x150.jpg 150w, https:\/\/evavedel.com\/wp-content\/uploads\/2022\/06\/IMG_05192-768x768.jpg 768w, https:\/\/evavedel.com\/wp-content\/uploads\/2022\/06\/IMG_05192.jpg 1133w\" sizes=\"auto, (max-width: 1024px) 100vw, 1024px\" \/><\/figure>\n\n\n\n<p class=\"has-text-align-center\">Recycler un Airbus A350<\/p>\n\n\n\n<div class=\"wp-block-buttons is-layout-flex wp-block-buttons-is-layout-flex\">\n<div class=\"wp-block-button aligncenter\"><a class=\"wp-block-button__link has-foreground-color has-primary-background-color has-text-color has-background\" href=\"https:\/\/evavedel.com\/en\/buddy-table\/\">D\u00e9couvrir \u2192<\/a><\/div>\n<\/div>\n\n\n\n<div style=\"height:32px\" aria-hidden=\"true\" class=\"wp-block-spacer\"><\/div>\n<\/div>\n\n\n\n<div class=\"wp-block-column has-senary-background-color has-background is-layout-flow wp-block-column-is-layout-flow\">\n<figure class=\"wp-block-image size-full\"><img loading=\"lazy\" decoding=\"async\" width=\"930\" height=\"930\" src=\"http:\/\/evavedel.com\/wp-content\/uploads\/2022\/06\/Dark-Matter-2-2.jpg\" alt=\"\" class=\"wp-image-347\" srcset=\"https:\/\/evavedel.com\/wp-content\/uploads\/2022\/06\/Dark-Matter-2-2.jpg 930w, https:\/\/evavedel.com\/wp-content\/uploads\/2022\/06\/Dark-Matter-2-2-300x300.jpg 300w, https:\/\/evavedel.com\/wp-content\/uploads\/2022\/06\/Dark-Matter-2-2-150x150.jpg 150w, https:\/\/evavedel.com\/wp-content\/uploads\/2022\/06\/Dark-Matter-2-2-768x768.jpg 768w\" sizes=\"auto, (max-width: 930px) 100vw, 930px\" \/><\/figure>\n\n\n\n<p class=\"has-text-align-center\">Table basse en fibre de carbone.<\/p>\n\n\n\n<div class=\"wp-block-buttons is-layout-flex wp-block-buttons-is-layout-flex\">\n<div class=\"wp-block-button aligncenter\"><a class=\"wp-block-button__link has-foreground-color has-primary-background-color has-text-color has-background\" href=\"https:\/\/evavedel.com\/en\/black-mirror\/\">D\u00e9couvrir \u2192<\/a><\/div>\n<\/div>\n<\/div>\n\n\n\n<div class=\"wp-block-column has-senary-background-color has-background is-layout-flow wp-block-column-is-layout-flow\">\n<figure class=\"wp-block-image size-full\"><img loading=\"lazy\" decoding=\"async\" width=\"700\" height=\"700\" src=\"http:\/\/evavedel.com\/wp-content\/uploads\/2022\/06\/IMG_12352-copie.jpg\" alt=\"\" class=\"wp-image-325\" srcset=\"https:\/\/evavedel.com\/wp-content\/uploads\/2022\/06\/IMG_12352-copie.jpg 700w, https:\/\/evavedel.com\/wp-content\/uploads\/2022\/06\/IMG_12352-copie-300x300.jpg 300w, https:\/\/evavedel.com\/wp-content\/uploads\/2022\/06\/IMG_12352-copie-150x150.jpg 150w\" sizes=\"auto, (max-width: 700px) 100vw, 700px\" \/><\/figure>\n\n\n\n<p class=\"has-text-align-center\">D\u2019un hublot \u00e0 un miroir digital.<\/p>\n\n\n\n<div class=\"wp-block-buttons is-layout-flex wp-block-buttons-is-layout-flex\">\n<div class=\"wp-block-button aligncenter\"><a class=\"wp-block-button__link has-foreground-color has-primary-background-color has-text-color has-background\" href=\"https:\/\/evavedel.com\/en\/hublot-digital\/\">D\u00e9couvrir \u2192<\/a><\/div>\n<\/div>\n<\/div>\n<\/div>","protected":false},"excerpt":{"rendered":"<p>Date projet : 2020 Une pi\u00e8ce d&rsquo;avion en aluminium dessine la dossier de la chaise haute. D&rsquo;autres projets pour Airbus Recycler un Airbus A350 Table basse en fibre de carbone. D\u2019un hublot \u00e0 un miroir digital.<\/p>","protected":false},"author":1,"featured_media":409,"comment_status":"open","ping_status":"open","sticky":false,"template":"wp-custom-template-pages-artiste","format":"standard","meta":{"_themeisle_gutenberg_block_has_review":false,"footnotes":""},"categories":[52,11],"tags":[55,21],"class_list":["post-407","post","type-post","status-publish","format-standard","has-post-thumbnail","hentry","category-airbus","category-projets","tag-airbus","tag-design"],"yoast_head":"<!-- This site is optimized with the Yoast SEO plugin v24.2 - https:\/\/yoast.com\/wordpress\/plugins\/seo\/ -->\n<title>Chaise Haute - Eva Vedel<\/title>\n<meta name=\"robots\" content=\"index, follow, max-snippet:-1, max-image-preview:large, max-video-preview:-1\" \/>\n<link rel=\"canonical\" href=\"https:\/\/evavedel.com\/en\/chaise-haute\/\" \/>\n<meta property=\"og:locale\" content=\"en_GB\" \/>\n<meta property=\"og:type\" content=\"article\" \/>\n<meta property=\"og:title\" content=\"Chaise Haute - Eva Vedel\" \/>\n<meta property=\"og:description\" content=\"Date projet : 2020 Une pi\u00e8ce d&rsquo;avion en aluminium dessine la dossier de la chaise haute. D&rsquo;autres projets pour Airbus Recycler un Airbus A350 Table basse en fibre de carbone. D\u2019un hublot \u00e0 un miroir digital.\" \/>\n<meta property=\"og:url\" content=\"https:\/\/evavedel.com\/en\/chaise-haute\/\" \/>\n<meta property=\"og:site_name\" content=\"Eva Vedel\" \/>\n<meta property=\"article:published_time\" content=\"2019-06-25T17:37:15+00:00\" \/>\n<meta property=\"article:modified_time\" content=\"2024-10-21T14:21:50+00:00\" \/>\n<meta property=\"og:image\" content=\"https:\/\/evavedel.com\/wp-content\/uploads\/2022\/06\/table-haute-1-1.jpg\" \/>\n\t<meta property=\"og:image:width\" content=\"1000\" \/>\n\t<meta property=\"og:image:height\" content=\"1000\" \/>\n\t<meta property=\"og:image:type\" content=\"image\/jpeg\" \/>\n<meta name=\"author\" content=\"admin3648\" \/>\n<meta name=\"twitter:card\" content=\"summary_large_image\" \/>\n<meta name=\"twitter:label1\" content=\"Written by\" \/>\n\t<meta name=\"twitter:data1\" content=\"admin3648\" \/>\n<script type=\"application\/ld+json\" class=\"yoast-schema-graph\">{\"@context\":\"https:\/\/schema.org\",\"@graph\":[{\"@type\":\"Article\",\"@id\":\"https:\/\/evavedel.com\/en\/chaise-haute\/#article\",\"isPartOf\":{\"@id\":\"https:\/\/evavedel.com\/en\/chaise-haute\/\"},\"author\":{\"name\":\"admin3648\",\"@id\":\"https:\/\/evavedel.com\/#\/schema\/person\/05ebfc46de98d7cad69623941f5cf872\"},\"headline\":\"Chaise Haute\",\"datePublished\":\"2019-06-25T17:37:15+00:00\",\"dateModified\":\"2024-10-21T14:21:50+00:00\",\"mainEntityOfPage\":{\"@id\":\"https:\/\/evavedel.com\/en\/chaise-haute\/\"},\"wordCount\":79,\"commentCount\":0,\"publisher\":{\"@id\":\"https:\/\/evavedel.com\/#\/schema\/person\/600e7bbae59c2b0909798bd750172c2d\"},\"image\":{\"@id\":\"https:\/\/evavedel.com\/en\/chaise-haute\/#primaryimage\"},\"thumbnailUrl\":\"https:\/\/evavedel.com\/wp-content\/uploads\/2022\/06\/table-haute-1-1.jpg\",\"keywords\":[\"Airbus\",\"design\"],\"articleSection\":[\"Airbus\",\"Projets\"],\"inLanguage\":\"en-GB\",\"potentialAction\":[{\"@type\":\"CommentAction\",\"name\":\"Comment\",\"target\":[\"https:\/\/evavedel.com\/en\/chaise-haute\/#respond\"]}]},{\"@type\":\"WebPage\",\"@id\":\"https:\/\/evavedel.com\/en\/chaise-haute\/\",\"url\":\"https:\/\/evavedel.com\/en\/chaise-haute\/\",\"name\":\"Chaise Haute - Eva Vedel\",\"isPartOf\":{\"@id\":\"https:\/\/evavedel.com\/#website\"},\"primaryImageOfPage\":{\"@id\":\"https:\/\/evavedel.com\/en\/chaise-haute\/#primaryimage\"},\"image\":{\"@id\":\"https:\/\/evavedel.com\/en\/chaise-haute\/#primaryimage\"},\"thumbnailUrl\":\"https:\/\/evavedel.com\/wp-content\/uploads\/2022\/06\/table-haute-1-1.jpg\",\"datePublished\":\"2019-06-25T17:37:15+00:00\",\"dateModified\":\"2024-10-21T14:21:50+00:00\",\"breadcrumb\":{\"@id\":\"https:\/\/evavedel.com\/en\/chaise-haute\/#breadcrumb\"},\"inLanguage\":\"en-GB\",\"potentialAction\":[{\"@type\":\"ReadAction\",\"target\":[\"https:\/\/evavedel.com\/en\/chaise-haute\/\"]}]},{\"@type\":\"ImageObject\",\"inLanguage\":\"en-GB\",\"@id\":\"https:\/\/evavedel.com\/en\/chaise-haute\/#primaryimage\",\"url\":\"https:\/\/evavedel.com\/wp-content\/uploads\/2022\/06\/table-haute-1-1.jpg\",\"contentUrl\":\"https:\/\/evavedel.com\/wp-content\/uploads\/2022\/06\/table-haute-1-1.jpg\",\"width\":1000,\"height\":1000},{\"@type\":\"BreadcrumbList\",\"@id\":\"https:\/\/evavedel.com\/en\/chaise-haute\/#breadcrumb\",\"itemListElement\":[{\"@type\":\"ListItem\",\"position\":1,\"name\":\"Accueil\",\"item\":\"https:\/\/evavedel.com\/\"},{\"@type\":\"ListItem\",\"position\":2,\"name\":\"Chaise Haute\"}]},{\"@type\":\"WebSite\",\"@id\":\"https:\/\/evavedel.com\/#website\",\"url\":\"https:\/\/evavedel.com\/\",\"name\":\"Eva Vedel\",\"description\":\"Designer &amp; artiste\",\"publisher\":{\"@id\":\"https:\/\/evavedel.com\/#\/schema\/person\/600e7bbae59c2b0909798bd750172c2d\"},\"potentialAction\":[{\"@type\":\"SearchAction\",\"target\":{\"@type\":\"EntryPoint\",\"urlTemplate\":\"https:\/\/evavedel.com\/?s={search_term_string}\"},\"query-input\":{\"@type\":\"PropertyValueSpecification\",\"valueRequired\":true,\"valueName\":\"search_term_string\"}}],\"inLanguage\":\"en-GB\"},{\"@type\":[\"Person\",\"Organization\"],\"@id\":\"https:\/\/evavedel.com\/#\/schema\/person\/600e7bbae59c2b0909798bd750172c2d\",\"name\":\"Eva Vedel\",\"image\":{\"@type\":\"ImageObject\",\"inLanguage\":\"en-GB\",\"@id\":\"https:\/\/evavedel.com\/#\/schema\/person\/image\/\",\"url\":\"https:\/\/evavedel.com\/wp-content\/uploads\/2024\/10\/LOGO_Eva-Vedel_2022-2_Plan-de-travail-1-copie.png\",\"contentUrl\":\"https:\/\/evavedel.com\/wp-content\/uploads\/2024\/10\/LOGO_Eva-Vedel_2022-2_Plan-de-travail-1-copie.png\",\"width\":5000,\"height\":5000,\"caption\":\"Eva Vedel\"},\"logo\":{\"@id\":\"https:\/\/evavedel.com\/#\/schema\/person\/image\/\"},\"sameAs\":[\"https:\/\/www.instagram.com\/eva.vedel\/?hl=fr\",\"https:\/\/www.linkedin.com\/in\/evavedel\/\"]},{\"@type\":\"Person\",\"@id\":\"https:\/\/evavedel.com\/#\/schema\/person\/05ebfc46de98d7cad69623941f5cf872\",\"name\":\"admin3648\",\"image\":{\"@type\":\"ImageObject\",\"inLanguage\":\"en-GB\",\"@id\":\"https:\/\/evavedel.com\/#\/schema\/person\/image\/\",\"url\":\"https:\/\/secure.gravatar.com\/avatar\/6ccac73fcba0dddd4f46a8067c88ebe1caf6a2c7dc38ca08a7a57ebc60b35a9a?s=96&d=mm&r=g\",\"contentUrl\":\"https:\/\/secure.gravatar.com\/avatar\/6ccac73fcba0dddd4f46a8067c88ebe1caf6a2c7dc38ca08a7a57ebc60b35a9a?s=96&d=mm&r=g\",\"caption\":\"admin3648\"},\"sameAs\":[\"https:\/\/evavedel.com\"],\"url\":\"https:\/\/evavedel.com\/en\/author\/admin3648\/\"}]}<\/script>\n<!-- \/ Yoast SEO plugin. -->","yoast_head_json":{"title":"Chaise Haute - Eva Vedel","robots":{"index":"index","follow":"follow","max-snippet":"max-snippet:-1","max-image-preview":"max-image-preview:large","max-video-preview":"max-video-preview:-1"},"canonical":"https:\/\/evavedel.com\/en\/chaise-haute\/","og_locale":"en_GB","og_type":"article","og_title":"Chaise Haute - Eva Vedel","og_description":"Date projet : 2020 Une pi\u00e8ce d&rsquo;avion en aluminium dessine la dossier de la chaise haute. D&rsquo;autres projets pour Airbus Recycler un Airbus A350 Table basse en fibre de carbone. D\u2019un hublot \u00e0 un miroir digital.","og_url":"https:\/\/evavedel.com\/en\/chaise-haute\/","og_site_name":"Eva Vedel","article_published_time":"2019-06-25T17:37:15+00:00","article_modified_time":"2024-10-21T14:21:50+00:00","og_image":[{"width":1000,"height":1000,"url":"https:\/\/evavedel.com\/wp-content\/uploads\/2022\/06\/table-haute-1-1.jpg","type":"image\/jpeg"}],"author":"admin3648","twitter_card":"summary_large_image","twitter_misc":{"Written by":"admin3648"},"schema":{"@context":"https:\/\/schema.org","@graph":[{"@type":"Article","@id":"https:\/\/evavedel.com\/en\/chaise-haute\/#article","isPartOf":{"@id":"https:\/\/evavedel.com\/en\/chaise-haute\/"},"author":{"name":"admin3648","@id":"https:\/\/evavedel.com\/#\/schema\/person\/05ebfc46de98d7cad69623941f5cf872"},"headline":"Chaise Haute","datePublished":"2019-06-25T17:37:15+00:00","dateModified":"2024-10-21T14:21:50+00:00","mainEntityOfPage":{"@id":"https:\/\/evavedel.com\/en\/chaise-haute\/"},"wordCount":79,"commentCount":0,"publisher":{"@id":"https:\/\/evavedel.com\/#\/schema\/person\/600e7bbae59c2b0909798bd750172c2d"},"image":{"@id":"https:\/\/evavedel.com\/en\/chaise-haute\/#primaryimage"},"thumbnailUrl":"https:\/\/evavedel.com\/wp-content\/uploads\/2022\/06\/table-haute-1-1.jpg","keywords":["Airbus","design"],"articleSection":["Airbus","Projets"],"inLanguage":"en-GB","potentialAction":[{"@type":"CommentAction","name":"Comment","target":["https:\/\/evavedel.com\/en\/chaise-haute\/#respond"]}]},{"@type":"WebPage","@id":"https:\/\/evavedel.com\/en\/chaise-haute\/","url":"https:\/\/evavedel.com\/en\/chaise-haute\/","name":"Chaise Haute - Eva Vedel","isPartOf":{"@id":"https:\/\/evavedel.com\/#website"},"primaryImageOfPage":{"@id":"https:\/\/evavedel.com\/en\/chaise-haute\/#primaryimage"},"image":{"@id":"https:\/\/evavedel.com\/en\/chaise-haute\/#primaryimage"},"thumbnailUrl":"https:\/\/evavedel.com\/wp-content\/uploads\/2022\/06\/table-haute-1-1.jpg","datePublished":"2019-06-25T17:37:15+00:00","dateModified":"2024-10-21T14:21:50+00:00","breadcrumb":{"@id":"https:\/\/evavedel.com\/en\/chaise-haute\/#breadcrumb"},"inLanguage":"en-GB","potentialAction":[{"@type":"ReadAction","target":["https:\/\/evavedel.com\/en\/chaise-haute\/"]}]},{"@type":"ImageObject","inLanguage":"en-GB","@id":"https:\/\/evavedel.com\/en\/chaise-haute\/#primaryimage","url":"https:\/\/evavedel.com\/wp-content\/uploads\/2022\/06\/table-haute-1-1.jpg","contentUrl":"https:\/\/evavedel.com\/wp-content\/uploads\/2022\/06\/table-haute-1-1.jpg","width":1000,"height":1000},{"@type":"BreadcrumbList","@id":"https:\/\/evavedel.com\/en\/chaise-haute\/#breadcrumb","itemListElement":[{"@type":"ListItem","position":1,"name":"Accueil","item":"https:\/\/evavedel.com\/"},{"@type":"ListItem","position":2,"name":"Chaise Haute"}]},{"@type":"WebSite","@id":"https:\/\/evavedel.com\/#website","url":"https:\/\/evavedel.com\/","name":"Eva Vedel","description":"Designer &amp; artiste","publisher":{"@id":"https:\/\/evavedel.com\/#\/schema\/person\/600e7bbae59c2b0909798bd750172c2d"},"potentialAction":[{"@type":"SearchAction","target":{"@type":"EntryPoint","urlTemplate":"https:\/\/evavedel.com\/?s={search_term_string}"},"query-input":{"@type":"PropertyValueSpecification","valueRequired":true,"valueName":"search_term_string"}}],"inLanguage":"en-GB"},{"@type":["Person","Organization"],"@id":"https:\/\/evavedel.com\/#\/schema\/person\/600e7bbae59c2b0909798bd750172c2d","name":"Eva Vedel","image":{"@type":"ImageObject","inLanguage":"en-GB","@id":"https:\/\/evavedel.com\/#\/schema\/person\/image\/","url":"https:\/\/evavedel.com\/wp-content\/uploads\/2024\/10\/LOGO_Eva-Vedel_2022-2_Plan-de-travail-1-copie.png","contentUrl":"https:\/\/evavedel.com\/wp-content\/uploads\/2024\/10\/LOGO_Eva-Vedel_2022-2_Plan-de-travail-1-copie.png","width":5000,"height":5000,"caption":"Eva Vedel"},"logo":{"@id":"https:\/\/evavedel.com\/#\/schema\/person\/image\/"},"sameAs":["https:\/\/www.instagram.com\/eva.vedel\/?hl=fr","https:\/\/www.linkedin.com\/in\/evavedel\/"]},{"@type":"Person","@id":"https:\/\/evavedel.com\/#\/schema\/person\/05ebfc46de98d7cad69623941f5cf872","name":"admin3648","image":{"@type":"ImageObject","inLanguage":"en-GB","@id":"https:\/\/evavedel.com\/#\/schema\/person\/image\/","url":"https:\/\/secure.gravatar.com\/avatar\/6ccac73fcba0dddd4f46a8067c88ebe1caf6a2c7dc38ca08a7a57ebc60b35a9a?s=96&d=mm&r=g","contentUrl":"https:\/\/secure.gravatar.com\/avatar\/6ccac73fcba0dddd4f46a8067c88ebe1caf6a2c7dc38ca08a7a57ebc60b35a9a?s=96&d=mm&r=g","caption":"admin3648"},"sameAs":["https:\/\/evavedel.com"],"url":"https:\/\/evavedel.com\/en\/author\/admin3648\/"}]}},"_links":{"self":[{"href":"https:\/\/evavedel.com\/en\/wp-json\/wp\/v2\/posts\/407","targetHints":{"allow":["GET"]}}],"collection":[{"href":"https:\/\/evavedel.com\/en\/wp-json\/wp\/v2\/posts"}],"about":[{"href":"https:\/\/evavedel.com\/en\/wp-json\/wp\/v2\/types\/post"}],"author":[{"embeddable":true,"href":"https:\/\/evavedel.com\/en\/wp-json\/wp\/v2\/users\/1"}],"replies":[{"embeddable":true,"href":"https:\/\/evavedel.com\/en\/wp-json\/wp\/v2\/comments?post=407"}],"version-history":[{"count":5,"href":"https:\/\/evavedel.com\/en\/wp-json\/wp\/v2\/posts\/407\/revisions"}],"predecessor-version":[{"id":495,"href":"https:\/\/evavedel.com\/en\/wp-json\/wp\/v2\/posts\/407\/revisions\/495"}],"wp:featuredmedia":[{"embeddable":true,"href":"https:\/\/evavedel.com\/en\/wp-json\/wp\/v2\/media\/409"}],"wp:attachment":[{"href":"https:\/\/evavedel.com\/en\/wp-json\/wp\/v2\/media?parent=407"}],"wp:term":[{"taxonomy":"category","embeddable":true,"href":"https:\/\/evavedel.com\/en\/wp-json\/wp\/v2\/categories?post=407"},{"taxonomy":"post_tag","embeddable":true,"href":"https:\/\/evavedel.com\/en\/wp-json\/wp\/v2\/tags?post=407"}],"curies":[{"name":"wp","href":"https:\/\/api.w.org\/{rel}","templated":true}]}}