{"id":44,"date":"2019-06-06T20:26:57","date_gmt":"2019-06-06T18:26:57","guid":{"rendered":"https:\/\/evavedel.com\/?p=44"},"modified":"2024-10-21T16:21:59","modified_gmt":"2024-10-21T14:21:59","slug":"ceremonie","status":"publish","type":"post","link":"https:\/\/evavedel.com\/en\/ceremonie\/","title":{"rendered":"C\u00e9r\u00e9monie"},"content":{"rendered":"<div class=\"wp-block-cover alignfull is-light has-parallax\" style=\"background-image:url(http:\/\/evavedel.com\/wp-content\/uploads\/2022\/06\/Socle-ceramique-ok-v10.jpg);min-height:66vh;aspect-ratio:unset;\"><span aria-hidden=\"true\" class=\"wp-block-cover__background has-background-dim-0 has-background-dim\"><\/span><div class=\"wp-block-cover__inner-container is-layout-flow wp-block-cover-is-layout-flow\">\n<div class=\"wp-block-group is-layout-constrained wp-container-core-group-is-layout-33d1d030 wp-block-group-is-layout-constrained\">\n<div class=\"wp-block-group is-style-default has-foreground-color has-senary-background-color has-text-color has-background is-layout-flow wp-block-group-is-layout-flow\">\n<h1 class=\"has-text-align-center wp-block-heading\">Massage visage<\/h1>\n\n\n\n<hr class=\"wp-block-separator has-css-opacity\"\/>\n\n\n\n<p class=\"has-text-align-center has-large-font-size\">C\u00e9r\u00e9monie est un objet en c\u00e9ramique qui accompagne nos rituels de beaut\u00e9.<\/p>\n\n\n\n<div class=\"wp-block-buttons is-horizontal is-content-justification-center is-layout-flex wp-container-core-buttons-is-layout-03627597 wp-block-buttons-is-layout-flex\"><\/div>\n<\/div>\n<\/div>\n<\/div><\/div>\n\n\n\n<p class=\"has-text-align-center\">Date projet : 2019<\/p>\n\n\n\n<div style=\"height:100px\" aria-hidden=\"true\" class=\"wp-block-spacer\"><\/div>\n\n\n\n<div class=\"wp-block-columns alignwide is-layout-flex wp-container-core-columns-is-layout-28f84493 wp-block-columns-is-layout-flex\">\n<div class=\"wp-block-column is-layout-flow wp-block-column-is-layout-flow\">\n<h2 class=\"wp-block-heading\">Design sensoriel<\/h2>\n\n\n\n<p>En porcelaine et bois tourn\u00e9, <em>C\u00e9r\u00e9monie<\/em> f\u00fbt l&rsquo;occasion de travailler des motifs en relief sur la c\u00e9ramique.<br>Accompagn\u00e9 d&rsquo;une noisette d&rsquo;huile v\u00e9g\u00e9tale ou d&rsquo;une lotion nettoyante, cet objet est multi-usage.<\/p>\n<\/div>\n\n\n\n<div class=\"wp-block-column is-layout-flow wp-block-column-is-layout-flow\">\n<figure class=\"wp-block-image size-large is-resized\"><img loading=\"lazy\" decoding=\"async\" src=\"https:\/\/evavedel.com\/wp-content\/uploads\/2022\/06\/Socle-ceramique-ok-v5-edited.jpg\" alt=\"\" class=\"wp-image-302\" width=\"745\" height=\"405\"\/><\/figure>\n<\/div>\n<\/div>\n\n\n\n<div style=\"height:100px\" aria-hidden=\"true\" class=\"wp-block-spacer\"><\/div>\n\n\n\n<div class=\"wp-block-columns alignwide is-layout-flex wp-container-core-columns-is-layout-28f84493 wp-block-columns-is-layout-flex\">\n<div class=\"wp-block-column is-layout-flow wp-block-column-is-layout-flow\">\n<figure class=\"wp-block-image size-large\"><img loading=\"lazy\" decoding=\"async\" width=\"1247\" height=\"779\" src=\"https:\/\/evavedel.com\/wp-content\/uploads\/2022\/06\/Ceramique-texture-4-v6-edited.jpg\" alt=\"\" class=\"wp-image-299\" srcset=\"https:\/\/evavedel.com\/wp-content\/uploads\/2022\/06\/Ceramique-texture-4-v6-edited.jpg 1247w, https:\/\/evavedel.com\/wp-content\/uploads\/2022\/06\/Ceramique-texture-4-v6-edited-300x187.jpg 300w, https:\/\/evavedel.com\/wp-content\/uploads\/2022\/06\/Ceramique-texture-4-v6-edited-1024x640.jpg 1024w, https:\/\/evavedel.com\/wp-content\/uploads\/2022\/06\/Ceramique-texture-4-v6-edited-768x480.jpg 768w\" sizes=\"auto, (max-width: 1247px) 100vw, 1247px\" \/><\/figure>\n\n\n\n<figure class=\"wp-block-image size-full\"><img loading=\"lazy\" decoding=\"async\" width=\"480\" height=\"360\" src=\"https:\/\/evavedel.com\/wp-content\/uploads\/2022\/06\/dna-2-edited.jpg\" alt=\"\" class=\"wp-image-307\" srcset=\"https:\/\/evavedel.com\/wp-content\/uploads\/2022\/06\/dna-2-edited.jpg 480w, https:\/\/evavedel.com\/wp-content\/uploads\/2022\/06\/dna-2-edited-300x225.jpg 300w\" sizes=\"auto, (max-width: 480px) 100vw, 480px\" \/><\/figure>\n\n\n\n<figure class=\"wp-block-image size-large\"><img loading=\"lazy\" decoding=\"async\" width=\"1015\" height=\"635\" src=\"https:\/\/evavedel.com\/wp-content\/uploads\/2022\/06\/Socle-ceramique-ok-v1-edited.jpg\" alt=\"\" class=\"wp-image-298\" srcset=\"https:\/\/evavedel.com\/wp-content\/uploads\/2022\/06\/Socle-ceramique-ok-v1-edited.jpg 1015w, https:\/\/evavedel.com\/wp-content\/uploads\/2022\/06\/Socle-ceramique-ok-v1-edited-300x188.jpg 300w, https:\/\/evavedel.com\/wp-content\/uploads\/2022\/06\/Socle-ceramique-ok-v1-edited-768x480.jpg 768w\" sizes=\"auto, (max-width: 1015px) 100vw, 1015px\" \/><\/figure>\n\n\n\n<figure class=\"wp-block-image size-large\"><img loading=\"lazy\" decoding=\"async\" width=\"1024\" height=\"499\" src=\"http:\/\/evavedel.com\/wp-content\/uploads\/2022\/06\/Socle-ceramique-ok-v6-1024x499.jpg\" alt=\"\" class=\"wp-image-286\" srcset=\"https:\/\/evavedel.com\/wp-content\/uploads\/2022\/06\/Socle-ceramique-ok-v6-1024x499.jpg 1024w, https:\/\/evavedel.com\/wp-content\/uploads\/2022\/06\/Socle-ceramique-ok-v6-300x146.jpg 300w, https:\/\/evavedel.com\/wp-content\/uploads\/2022\/06\/Socle-ceramique-ok-v6-768x374.jpg 768w, https:\/\/evavedel.com\/wp-content\/uploads\/2022\/06\/Socle-ceramique-ok-v6-1536x749.jpg 1536w, https:\/\/evavedel.com\/wp-content\/uploads\/2022\/06\/Socle-ceramique-ok-v6.jpg 1600w\" sizes=\"auto, (max-width: 1024px) 100vw, 1024px\" \/><\/figure>\n<\/div>\n\n\n\n<div class=\"wp-block-column is-layout-flow wp-block-column-is-layout-flow\">\n<figure class=\"wp-block-image size-large\"><img loading=\"lazy\" decoding=\"async\" width=\"1015\" height=\"635\" src=\"https:\/\/evavedel.com\/wp-content\/uploads\/2022\/06\/Bois-ceramique-print-3D-v2-edited.jpg\" alt=\"\" class=\"wp-image-300\" srcset=\"https:\/\/evavedel.com\/wp-content\/uploads\/2022\/06\/Bois-ceramique-print-3D-v2-edited.jpg 1015w, https:\/\/evavedel.com\/wp-content\/uploads\/2022\/06\/Bois-ceramique-print-3D-v2-edited-300x188.jpg 300w, https:\/\/evavedel.com\/wp-content\/uploads\/2022\/06\/Bois-ceramique-print-3D-v2-edited-768x480.jpg 768w\" sizes=\"auto, (max-width: 1015px) 100vw, 1015px\" \/><\/figure>\n\n\n\n<figure class=\"wp-block-image size-large\"><img loading=\"lazy\" decoding=\"async\" width=\"1024\" height=\"499\" src=\"http:\/\/evavedel.com\/wp-content\/uploads\/2022\/06\/Socle-ceramique-ok-v2-1024x499.jpg\" alt=\"\" class=\"wp-image-283\" srcset=\"https:\/\/evavedel.com\/wp-content\/uploads\/2022\/06\/Socle-ceramique-ok-v2-1024x499.jpg 1024w, https:\/\/evavedel.com\/wp-content\/uploads\/2022\/06\/Socle-ceramique-ok-v2-300x146.jpg 300w, https:\/\/evavedel.com\/wp-content\/uploads\/2022\/06\/Socle-ceramique-ok-v2-768x374.jpg 768w, https:\/\/evavedel.com\/wp-content\/uploads\/2022\/06\/Socle-ceramique-ok-v2-1536x749.jpg 1536w, https:\/\/evavedel.com\/wp-content\/uploads\/2022\/06\/Socle-ceramique-ok-v2.jpg 1600w\" sizes=\"auto, (max-width: 1024px) 100vw, 1024px\" \/><\/figure>\n\n\n\n<figure class=\"wp-block-image size-large\"><img loading=\"lazy\" decoding=\"async\" width=\"1024\" height=\"499\" src=\"http:\/\/evavedel.com\/wp-content\/uploads\/2022\/06\/Socle-ceramique-ok-v7-1024x499.jpg\" alt=\"\" class=\"wp-image-287\" srcset=\"https:\/\/evavedel.com\/wp-content\/uploads\/2022\/06\/Socle-ceramique-ok-v7-1024x499.jpg 1024w, https:\/\/evavedel.com\/wp-content\/uploads\/2022\/06\/Socle-ceramique-ok-v7-300x146.jpg 300w, https:\/\/evavedel.com\/wp-content\/uploads\/2022\/06\/Socle-ceramique-ok-v7-768x374.jpg 768w, https:\/\/evavedel.com\/wp-content\/uploads\/2022\/06\/Socle-ceramique-ok-v7-1536x749.jpg 1536w, https:\/\/evavedel.com\/wp-content\/uploads\/2022\/06\/Socle-ceramique-ok-v7.jpg 1600w\" sizes=\"auto, (max-width: 1024px) 100vw, 1024px\" \/><\/figure>\n\n\n\n<figure class=\"wp-block-image size-large\"><img loading=\"lazy\" decoding=\"async\" width=\"1024\" height=\"406\" src=\"http:\/\/evavedel.com\/wp-content\/uploads\/2022\/06\/Socle-objet-1-v3-1024x406.jpg\" alt=\"\" class=\"wp-image-293\" srcset=\"https:\/\/evavedel.com\/wp-content\/uploads\/2022\/06\/Socle-objet-1-v3-1024x406.jpg 1024w, https:\/\/evavedel.com\/wp-content\/uploads\/2022\/06\/Socle-objet-1-v3-300x119.jpg 300w, https:\/\/evavedel.com\/wp-content\/uploads\/2022\/06\/Socle-objet-1-v3-768x305.jpg 768w, https:\/\/evavedel.com\/wp-content\/uploads\/2022\/06\/Socle-objet-1-v3-1536x610.jpg 1536w, https:\/\/evavedel.com\/wp-content\/uploads\/2022\/06\/Socle-objet-1-v3.jpg 1600w\" sizes=\"auto, (max-width: 1024px) 100vw, 1024px\" \/><\/figure>\n\n\n\n<figure class=\"wp-block-image size-large\"><img loading=\"lazy\" decoding=\"async\" width=\"1024\" height=\"499\" src=\"http:\/\/evavedel.com\/wp-content\/uploads\/2022\/06\/Socle-ceramique-ok-v9-1-1024x499.jpg\" alt=\"\" class=\"wp-image-288\" srcset=\"https:\/\/evavedel.com\/wp-content\/uploads\/2022\/06\/Socle-ceramique-ok-v9-1-1024x499.jpg 1024w, https:\/\/evavedel.com\/wp-content\/uploads\/2022\/06\/Socle-ceramique-ok-v9-1-300x146.jpg 300w, https:\/\/evavedel.com\/wp-content\/uploads\/2022\/06\/Socle-ceramique-ok-v9-1-768x374.jpg 768w, https:\/\/evavedel.com\/wp-content\/uploads\/2022\/06\/Socle-ceramique-ok-v9-1-1536x749.jpg 1536w, https:\/\/evavedel.com\/wp-content\/uploads\/2022\/06\/Socle-ceramique-ok-v9-1.jpg 1600w\" sizes=\"auto, (max-width: 1024px) 100vw, 1024px\" \/><\/figure>\n<\/div>\n\n\n\n<div class=\"wp-block-column is-layout-flow wp-block-column-is-layout-flow\">\n<figure class=\"wp-block-image size-large\"><img loading=\"lazy\" decoding=\"async\" width=\"1441\" height=\"702\" src=\"https:\/\/evavedel.com\/wp-content\/uploads\/2022\/06\/Ceramique-jade-blanche-edited.jpg\" alt=\"\" class=\"wp-image-301\" srcset=\"https:\/\/evavedel.com\/wp-content\/uploads\/2022\/06\/Ceramique-jade-blanche-edited.jpg 1441w, https:\/\/evavedel.com\/wp-content\/uploads\/2022\/06\/Ceramique-jade-blanche-edited-300x146.jpg 300w, https:\/\/evavedel.com\/wp-content\/uploads\/2022\/06\/Ceramique-jade-blanche-edited-1024x499.jpg 1024w, https:\/\/evavedel.com\/wp-content\/uploads\/2022\/06\/Ceramique-jade-blanche-edited-768x374.jpg 768w\" sizes=\"auto, (max-width: 1441px) 100vw, 1441px\" \/><\/figure>\n\n\n\n<figure class=\"wp-block-image size-large\"><img loading=\"lazy\" decoding=\"async\" width=\"476\" height=\"635\" src=\"https:\/\/evavedel.com\/wp-content\/uploads\/2022\/06\/Coque-bois-ceramique-texture-3-v8-edited.jpg\" alt=\"\" class=\"wp-image-296\" srcset=\"https:\/\/evavedel.com\/wp-content\/uploads\/2022\/06\/Coque-bois-ceramique-texture-3-v8-edited.jpg 476w, https:\/\/evavedel.com\/wp-content\/uploads\/2022\/06\/Coque-bois-ceramique-texture-3-v8-edited-225x300.jpg 225w\" sizes=\"auto, (max-width: 476px) 100vw, 476px\" \/><\/figure>\n\n\n\n<figure class=\"wp-block-image size-large\"><img loading=\"lazy\" decoding=\"async\" width=\"1024\" height=\"499\" src=\"http:\/\/evavedel.com\/wp-content\/uploads\/2022\/06\/Socle-ceramique-ok-v3-1024x499.jpg\" alt=\"\" class=\"wp-image-284\" srcset=\"https:\/\/evavedel.com\/wp-content\/uploads\/2022\/06\/Socle-ceramique-ok-v3-1024x499.jpg 1024w, https:\/\/evavedel.com\/wp-content\/uploads\/2022\/06\/Socle-ceramique-ok-v3-300x146.jpg 300w, https:\/\/evavedel.com\/wp-content\/uploads\/2022\/06\/Socle-ceramique-ok-v3-768x374.jpg 768w, https:\/\/evavedel.com\/wp-content\/uploads\/2022\/06\/Socle-ceramique-ok-v3-1536x749.jpg 1536w, https:\/\/evavedel.com\/wp-content\/uploads\/2022\/06\/Socle-ceramique-ok-v3.jpg 1600w\" sizes=\"auto, (max-width: 1024px) 100vw, 1024px\" \/><\/figure>\n\n\n\n<figure class=\"wp-block-image size-large\"><img loading=\"lazy\" decoding=\"async\" width=\"1015\" height=\"635\" src=\"https:\/\/evavedel.com\/wp-content\/uploads\/2022\/06\/Socle-objet-1-v2-edited.jpg\" alt=\"\" class=\"wp-image-297\" srcset=\"https:\/\/evavedel.com\/wp-content\/uploads\/2022\/06\/Socle-objet-1-v2-edited.jpg 1015w, https:\/\/evavedel.com\/wp-content\/uploads\/2022\/06\/Socle-objet-1-v2-edited-300x188.jpg 300w, https:\/\/evavedel.com\/wp-content\/uploads\/2022\/06\/Socle-objet-1-v2-edited-768x480.jpg 768w\" sizes=\"auto, (max-width: 1015px) 100vw, 1015px\" \/><\/figure>\n<\/div>\n<\/div>","protected":false},"excerpt":{"rendered":"<p>Date projet : 2019 Design sensoriel En porcelaine et bois tourn\u00e9, C\u00e9r\u00e9monie f\u00fbt l&rsquo;occasion de travailler des motifs en relief sur la c\u00e9ramique.Accompagn\u00e9 d&rsquo;une noisette d&rsquo;huile v\u00e9g\u00e9tale ou d&rsquo;une lotion nettoyante, cet objet est multi-usage.<\/p>","protected":false},"author":1,"featured_media":46,"comment_status":"closed","ping_status":"open","sticky":false,"template":"wp-custom-template-pages-artiste","format":"standard","meta":{"_themeisle_gutenberg_block_has_review":false,"footnotes":""},"categories":[11],"tags":[17,8,21,23,24,19,20,16,18,22],"class_list":["post-44","post","type-post","status-publish","format-standard","has-post-thumbnail","hentry","category-projets","tag-bois","tag-ceramique","tag-design","tag-design-sensoriel","tag-dna","tag-intime","tag-intimite","tag-motif","tag-salle-de-bain","tag-sensoriel"],"yoast_head":"<!-- This site is optimized with the Yoast SEO plugin v24.2 - https:\/\/yoast.com\/wordpress\/plugins\/seo\/ -->\n<title>C\u00e9r\u00e9monie - Eva Vedel<\/title>\n<meta name=\"robots\" content=\"index, follow, max-snippet:-1, max-image-preview:large, max-video-preview:-1\" \/>\n<link rel=\"canonical\" href=\"https:\/\/evavedel.com\/en\/ceremonie\/\" \/>\n<meta property=\"og:locale\" content=\"en_GB\" \/>\n<meta property=\"og:type\" content=\"article\" \/>\n<meta property=\"og:title\" content=\"C\u00e9r\u00e9monie - Eva Vedel\" \/>\n<meta property=\"og:description\" content=\"Date projet : 2019 Design sensoriel En porcelaine et bois tourn\u00e9, C\u00e9r\u00e9monie f\u00fbt l&rsquo;occasion de travailler des motifs en relief sur la c\u00e9ramique.Accompagn\u00e9 d&rsquo;une noisette d&rsquo;huile v\u00e9g\u00e9tale ou d&rsquo;une lotion nettoyante, cet objet est multi-usage.\" \/>\n<meta property=\"og:url\" content=\"https:\/\/evavedel.com\/en\/ceremonie\/\" \/>\n<meta property=\"og:site_name\" content=\"Eva Vedel\" \/>\n<meta property=\"article:published_time\" content=\"2019-06-06T18:26:57+00:00\" \/>\n<meta property=\"article:modified_time\" content=\"2024-10-21T14:21:59+00:00\" \/>\n<meta property=\"og:image\" content=\"https:\/\/evavedel.com\/wp-content\/uploads\/2022\/06\/Socle-ceramique-ok-v9-e1654540119374.jpg\" \/>\n\t<meta property=\"og:image:width\" content=\"780\" \/>\n\t<meta property=\"og:image:height\" content=\"780\" \/>\n\t<meta property=\"og:image:type\" content=\"image\/jpeg\" \/>\n<meta name=\"author\" content=\"admin3648\" \/>\n<meta name=\"twitter:card\" content=\"summary_large_image\" \/>\n<meta name=\"twitter:label1\" content=\"Written by\" \/>\n\t<meta name=\"twitter:data1\" content=\"admin3648\" \/>\n<script type=\"application\/ld+json\" class=\"yoast-schema-graph\">{\"@context\":\"https:\/\/schema.org\",\"@graph\":[{\"@type\":\"Article\",\"@id\":\"https:\/\/evavedel.com\/en\/ceremonie\/#article\",\"isPartOf\":{\"@id\":\"https:\/\/evavedel.com\/en\/ceremonie\/\"},\"author\":{\"name\":\"admin3648\",\"@id\":\"https:\/\/evavedel.com\/#\/schema\/person\/05ebfc46de98d7cad69623941f5cf872\"},\"headline\":\"C\u00e9r\u00e9monie\",\"datePublished\":\"2019-06-06T18:26:57+00:00\",\"dateModified\":\"2024-10-21T14:21:59+00:00\",\"mainEntityOfPage\":{\"@id\":\"https:\/\/evavedel.com\/en\/ceremonie\/\"},\"wordCount\":64,\"publisher\":{\"@id\":\"https:\/\/evavedel.com\/#\/schema\/person\/600e7bbae59c2b0909798bd750172c2d\"},\"image\":{\"@id\":\"https:\/\/evavedel.com\/en\/ceremonie\/#primaryimage\"},\"thumbnailUrl\":\"https:\/\/evavedel.com\/wp-content\/uploads\/2022\/06\/Socle-ceramique-ok-v9-e1654540119374.jpg\",\"keywords\":[\"bois\",\"C\u00e9ramique\",\"design\",\"design sensoriel\",\"DNA\",\"intime\",\"intimit\u00e9\",\"motif\",\"salle de bain\",\"sensoriel\"],\"articleSection\":[\"Projets\"],\"inLanguage\":\"en-GB\"},{\"@type\":\"WebPage\",\"@id\":\"https:\/\/evavedel.com\/en\/ceremonie\/\",\"url\":\"https:\/\/evavedel.com\/en\/ceremonie\/\",\"name\":\"C\u00e9r\u00e9monie - Eva Vedel\",\"isPartOf\":{\"@id\":\"https:\/\/evavedel.com\/#website\"},\"primaryImageOfPage\":{\"@id\":\"https:\/\/evavedel.com\/en\/ceremonie\/#primaryimage\"},\"image\":{\"@id\":\"https:\/\/evavedel.com\/en\/ceremonie\/#primaryimage\"},\"thumbnailUrl\":\"https:\/\/evavedel.com\/wp-content\/uploads\/2022\/06\/Socle-ceramique-ok-v9-e1654540119374.jpg\",\"datePublished\":\"2019-06-06T18:26:57+00:00\",\"dateModified\":\"2024-10-21T14:21:59+00:00\",\"breadcrumb\":{\"@id\":\"https:\/\/evavedel.com\/en\/ceremonie\/#breadcrumb\"},\"inLanguage\":\"en-GB\",\"potentialAction\":[{\"@type\":\"ReadAction\",\"target\":[\"https:\/\/evavedel.com\/en\/ceremonie\/\"]}]},{\"@type\":\"ImageObject\",\"inLanguage\":\"en-GB\",\"@id\":\"https:\/\/evavedel.com\/en\/ceremonie\/#primaryimage\",\"url\":\"https:\/\/evavedel.com\/wp-content\/uploads\/2022\/06\/Socle-ceramique-ok-v9-e1654540119374.jpg\",\"contentUrl\":\"https:\/\/evavedel.com\/wp-content\/uploads\/2022\/06\/Socle-ceramique-ok-v9-e1654540119374.jpg\",\"width\":780,\"height\":780},{\"@type\":\"BreadcrumbList\",\"@id\":\"https:\/\/evavedel.com\/en\/ceremonie\/#breadcrumb\",\"itemListElement\":[{\"@type\":\"ListItem\",\"position\":1,\"name\":\"Accueil\",\"item\":\"https:\/\/evavedel.com\/\"},{\"@type\":\"ListItem\",\"position\":2,\"name\":\"C\u00e9r\u00e9monie\"}]},{\"@type\":\"WebSite\",\"@id\":\"https:\/\/evavedel.com\/#website\",\"url\":\"https:\/\/evavedel.com\/\",\"name\":\"Eva Vedel\",\"description\":\"Designer &amp; artiste\",\"publisher\":{\"@id\":\"https:\/\/evavedel.com\/#\/schema\/person\/600e7bbae59c2b0909798bd750172c2d\"},\"potentialAction\":[{\"@type\":\"SearchAction\",\"target\":{\"@type\":\"EntryPoint\",\"urlTemplate\":\"https:\/\/evavedel.com\/?s={search_term_string}\"},\"query-input\":{\"@type\":\"PropertyValueSpecification\",\"valueRequired\":true,\"valueName\":\"search_term_string\"}}],\"inLanguage\":\"en-GB\"},{\"@type\":[\"Person\",\"Organization\"],\"@id\":\"https:\/\/evavedel.com\/#\/schema\/person\/600e7bbae59c2b0909798bd750172c2d\",\"name\":\"Eva Vedel\",\"image\":{\"@type\":\"ImageObject\",\"inLanguage\":\"en-GB\",\"@id\":\"https:\/\/evavedel.com\/#\/schema\/person\/image\/\",\"url\":\"https:\/\/evavedel.com\/wp-content\/uploads\/2024\/10\/LOGO_Eva-Vedel_2022-2_Plan-de-travail-1-copie.png\",\"contentUrl\":\"https:\/\/evavedel.com\/wp-content\/uploads\/2024\/10\/LOGO_Eva-Vedel_2022-2_Plan-de-travail-1-copie.png\",\"width\":5000,\"height\":5000,\"caption\":\"Eva Vedel\"},\"logo\":{\"@id\":\"https:\/\/evavedel.com\/#\/schema\/person\/image\/\"},\"sameAs\":[\"https:\/\/www.instagram.com\/eva.vedel\/?hl=fr\",\"https:\/\/www.linkedin.com\/in\/evavedel\/\"]},{\"@type\":\"Person\",\"@id\":\"https:\/\/evavedel.com\/#\/schema\/person\/05ebfc46de98d7cad69623941f5cf872\",\"name\":\"admin3648\",\"image\":{\"@type\":\"ImageObject\",\"inLanguage\":\"en-GB\",\"@id\":\"https:\/\/evavedel.com\/#\/schema\/person\/image\/\",\"url\":\"https:\/\/secure.gravatar.com\/avatar\/6ccac73fcba0dddd4f46a8067c88ebe1caf6a2c7dc38ca08a7a57ebc60b35a9a?s=96&d=mm&r=g\",\"contentUrl\":\"https:\/\/secure.gravatar.com\/avatar\/6ccac73fcba0dddd4f46a8067c88ebe1caf6a2c7dc38ca08a7a57ebc60b35a9a?s=96&d=mm&r=g\",\"caption\":\"admin3648\"},\"sameAs\":[\"https:\/\/evavedel.com\"],\"url\":\"https:\/\/evavedel.com\/en\/author\/admin3648\/\"}]}<\/script>\n<!-- \/ Yoast SEO plugin. -->","yoast_head_json":{"title":"C\u00e9r\u00e9monie - Eva Vedel","robots":{"index":"index","follow":"follow","max-snippet":"max-snippet:-1","max-image-preview":"max-image-preview:large","max-video-preview":"max-video-preview:-1"},"canonical":"https:\/\/evavedel.com\/en\/ceremonie\/","og_locale":"en_GB","og_type":"article","og_title":"C\u00e9r\u00e9monie - Eva Vedel","og_description":"Date projet : 2019 Design sensoriel En porcelaine et bois tourn\u00e9, C\u00e9r\u00e9monie f\u00fbt l&rsquo;occasion de travailler des motifs en relief sur la c\u00e9ramique.Accompagn\u00e9 d&rsquo;une noisette d&rsquo;huile v\u00e9g\u00e9tale ou d&rsquo;une lotion nettoyante, cet objet est multi-usage.","og_url":"https:\/\/evavedel.com\/en\/ceremonie\/","og_site_name":"Eva Vedel","article_published_time":"2019-06-06T18:26:57+00:00","article_modified_time":"2024-10-21T14:21:59+00:00","og_image":[{"width":780,"height":780,"url":"https:\/\/evavedel.com\/wp-content\/uploads\/2022\/06\/Socle-ceramique-ok-v9-e1654540119374.jpg","type":"image\/jpeg"}],"author":"admin3648","twitter_card":"summary_large_image","twitter_misc":{"Written by":"admin3648"},"schema":{"@context":"https:\/\/schema.org","@graph":[{"@type":"Article","@id":"https:\/\/evavedel.com\/en\/ceremonie\/#article","isPartOf":{"@id":"https:\/\/evavedel.com\/en\/ceremonie\/"},"author":{"name":"admin3648","@id":"https:\/\/evavedel.com\/#\/schema\/person\/05ebfc46de98d7cad69623941f5cf872"},"headline":"C\u00e9r\u00e9monie","datePublished":"2019-06-06T18:26:57+00:00","dateModified":"2024-10-21T14:21:59+00:00","mainEntityOfPage":{"@id":"https:\/\/evavedel.com\/en\/ceremonie\/"},"wordCount":64,"publisher":{"@id":"https:\/\/evavedel.com\/#\/schema\/person\/600e7bbae59c2b0909798bd750172c2d"},"image":{"@id":"https:\/\/evavedel.com\/en\/ceremonie\/#primaryimage"},"thumbnailUrl":"https:\/\/evavedel.com\/wp-content\/uploads\/2022\/06\/Socle-ceramique-ok-v9-e1654540119374.jpg","keywords":["bois","C\u00e9ramique","design","design sensoriel","DNA","intime","intimit\u00e9","motif","salle de bain","sensoriel"],"articleSection":["Projets"],"inLanguage":"en-GB"},{"@type":"WebPage","@id":"https:\/\/evavedel.com\/en\/ceremonie\/","url":"https:\/\/evavedel.com\/en\/ceremonie\/","name":"C\u00e9r\u00e9monie - Eva Vedel","isPartOf":{"@id":"https:\/\/evavedel.com\/#website"},"primaryImageOfPage":{"@id":"https:\/\/evavedel.com\/en\/ceremonie\/#primaryimage"},"image":{"@id":"https:\/\/evavedel.com\/en\/ceremonie\/#primaryimage"},"thumbnailUrl":"https:\/\/evavedel.com\/wp-content\/uploads\/2022\/06\/Socle-ceramique-ok-v9-e1654540119374.jpg","datePublished":"2019-06-06T18:26:57+00:00","dateModified":"2024-10-21T14:21:59+00:00","breadcrumb":{"@id":"https:\/\/evavedel.com\/en\/ceremonie\/#breadcrumb"},"inLanguage":"en-GB","potentialAction":[{"@type":"ReadAction","target":["https:\/\/evavedel.com\/en\/ceremonie\/"]}]},{"@type":"ImageObject","inLanguage":"en-GB","@id":"https:\/\/evavedel.com\/en\/ceremonie\/#primaryimage","url":"https:\/\/evavedel.com\/wp-content\/uploads\/2022\/06\/Socle-ceramique-ok-v9-e1654540119374.jpg","contentUrl":"https:\/\/evavedel.com\/wp-content\/uploads\/2022\/06\/Socle-ceramique-ok-v9-e1654540119374.jpg","width":780,"height":780},{"@type":"BreadcrumbList","@id":"https:\/\/evavedel.com\/en\/ceremonie\/#breadcrumb","itemListElement":[{"@type":"ListItem","position":1,"name":"Accueil","item":"https:\/\/evavedel.com\/"},{"@type":"ListItem","position":2,"name":"C\u00e9r\u00e9monie"}]},{"@type":"WebSite","@id":"https:\/\/evavedel.com\/#website","url":"https:\/\/evavedel.com\/","name":"Eva Vedel","description":"Designer &amp; artiste","publisher":{"@id":"https:\/\/evavedel.com\/#\/schema\/person\/600e7bbae59c2b0909798bd750172c2d"},"potentialAction":[{"@type":"SearchAction","target":{"@type":"EntryPoint","urlTemplate":"https:\/\/evavedel.com\/?s={search_term_string}"},"query-input":{"@type":"PropertyValueSpecification","valueRequired":true,"valueName":"search_term_string"}}],"inLanguage":"en-GB"},{"@type":["Person","Organization"],"@id":"https:\/\/evavedel.com\/#\/schema\/person\/600e7bbae59c2b0909798bd750172c2d","name":"Eva Vedel","image":{"@type":"ImageObject","inLanguage":"en-GB","@id":"https:\/\/evavedel.com\/#\/schema\/person\/image\/","url":"https:\/\/evavedel.com\/wp-content\/uploads\/2024\/10\/LOGO_Eva-Vedel_2022-2_Plan-de-travail-1-copie.png","contentUrl":"https:\/\/evavedel.com\/wp-content\/uploads\/2024\/10\/LOGO_Eva-Vedel_2022-2_Plan-de-travail-1-copie.png","width":5000,"height":5000,"caption":"Eva Vedel"},"logo":{"@id":"https:\/\/evavedel.com\/#\/schema\/person\/image\/"},"sameAs":["https:\/\/www.instagram.com\/eva.vedel\/?hl=fr","https:\/\/www.linkedin.com\/in\/evavedel\/"]},{"@type":"Person","@id":"https:\/\/evavedel.com\/#\/schema\/person\/05ebfc46de98d7cad69623941f5cf872","name":"admin3648","image":{"@type":"ImageObject","inLanguage":"en-GB","@id":"https:\/\/evavedel.com\/#\/schema\/person\/image\/","url":"https:\/\/secure.gravatar.com\/avatar\/6ccac73fcba0dddd4f46a8067c88ebe1caf6a2c7dc38ca08a7a57ebc60b35a9a?s=96&d=mm&r=g","contentUrl":"https:\/\/secure.gravatar.com\/avatar\/6ccac73fcba0dddd4f46a8067c88ebe1caf6a2c7dc38ca08a7a57ebc60b35a9a?s=96&d=mm&r=g","caption":"admin3648"},"sameAs":["https:\/\/evavedel.com"],"url":"https:\/\/evavedel.com\/en\/author\/admin3648\/"}]}},"_links":{"self":[{"href":"https:\/\/evavedel.com\/en\/wp-json\/wp\/v2\/posts\/44","targetHints":{"allow":["GET"]}}],"collection":[{"href":"https:\/\/evavedel.com\/en\/wp-json\/wp\/v2\/posts"}],"about":[{"href":"https:\/\/evavedel.com\/en\/wp-json\/wp\/v2\/types\/post"}],"author":[{"embeddable":true,"href":"https:\/\/evavedel.com\/en\/wp-json\/wp\/v2\/users\/1"}],"replies":[{"embeddable":true,"href":"https:\/\/evavedel.com\/en\/wp-json\/wp\/v2\/comments?post=44"}],"version-history":[{"count":3,"href":"https:\/\/evavedel.com\/en\/wp-json\/wp\/v2\/posts\/44\/revisions"}],"predecessor-version":[{"id":368,"href":"https:\/\/evavedel.com\/en\/wp-json\/wp\/v2\/posts\/44\/revisions\/368"}],"wp:featuredmedia":[{"embeddable":true,"href":"https:\/\/evavedel.com\/en\/wp-json\/wp\/v2\/media\/46"}],"wp:attachment":[{"href":"https:\/\/evavedel.com\/en\/wp-json\/wp\/v2\/media?parent=44"}],"wp:term":[{"taxonomy":"category","embeddable":true,"href":"https:\/\/evavedel.com\/en\/wp-json\/wp\/v2\/categories?post=44"},{"taxonomy":"post_tag","embeddable":true,"href":"https:\/\/evavedel.com\/en\/wp-json\/wp\/v2\/tags?post=44"}],"curies":[{"name":"wp","href":"https:\/\/api.w.org\/{rel}","templated":true}]}}