{"id":6,"date":"2022-04-01T19:27:01","date_gmt":"2022-04-01T17:27:01","guid":{"rendered":"https:\/\/evavedel.com\/?p=6"},"modified":"2024-10-21T16:20:02","modified_gmt":"2024-10-21T14:20:02","slug":"vanites-numeriques","status":"publish","type":"post","link":"https:\/\/evavedel.com\/en\/vanites-numeriques\/","title":{"rendered":"Vanit\u00e9s num\u00e9riques"},"content":{"rendered":"<div class=\"wp-block-cover alignfull is-light has-parallax\" style=\"background-image:url(https:\/\/evavedel.com\/wp-content\/uploads\/2022\/06\/DSC_0151-\u00a9Eva-Vedel-1-scaled.jpg);min-height:66vh;aspect-ratio:unset;\"><span aria-hidden=\"true\" class=\"wp-block-cover__background has-background-dim-0 has-background-dim\"><\/span><div class=\"wp-block-cover__inner-container is-layout-flow wp-block-cover-is-layout-flow\">\n<div class=\"wp-block-group is-layout-constrained wp-container-core-group-is-layout-33d1d030 wp-block-group-is-layout-constrained\">\n<div class=\"wp-block-group is-style-default has-foreground-color has-senary-background-color has-text-color has-background is-layout-flow wp-block-group-is-layout-flow\">\n<h1 class=\"has-text-align-center wp-block-heading\">Scanner &gt; imprimer en 3D<\/h1>\n\n\n\n<hr class=\"wp-block-separator has-text-color has-foreground-color has-alpha-channel-opacity has-foreground-background-color has-background\"\/>\n\n\n\n<p class=\"has-text-align-center has-large-font-size\">Des allers et retours entre les objets r\u00e9els et les objets virtuels afin de d\u00e9voiler les bugs et les aberrations. <\/p>\n\n\n\n<div class=\"wp-block-buttons is-horizontal is-content-justification-center is-layout-flex wp-container-core-buttons-is-layout-03627597 wp-block-buttons-is-layout-flex\">\n<div class=\"wp-block-button is-style-fill\"><a class=\"wp-block-button__link has-foreground-color has-primary-background-color has-text-color has-background\" href=\"https:\/\/www.instagram.com\/collectifkairos\/\" target=\"_blank\" rel=\"noreferrer noopener\">Collectif Ka\u00efros<\/a><\/div>\n<\/div>\n<\/div>\n<\/div>\n<\/div><\/div>\n\n\n\n<p class=\"has-text-align-center\">Date projet : 2022<\/p>\n\n\n\n<div class=\"wp-block-group is-layout-flow wp-block-group-is-layout-flow\">\n<h6 class=\"wp-block-heading\">Vanit\u00e9 num\u00e9rique a \u00e9t\u00e9 expos\u00e9<\/h6>\n\n\n\n<figure class=\"wp-block-table is-style-tove-vertical-borders\"><table class=\"has-foreground-border-color has-border-color has-fixed-layout\"><tbody><tr><td><strong>Le Pays o\u00f9 le Ciel est Toujours Bleu<\/strong><\/td><td class=\"has-text-align-right\" data-align=\"right\">avril &#8211; 2022<\/td><\/tr><\/tbody><\/table><\/figure>\n<\/div>\n\n\n\n<div style=\"height:100px\" aria-hidden=\"true\" class=\"wp-block-spacer\"><\/div>\n\n\n\n<div class=\"wp-block-group alignwide is-layout-constrained wp-container-core-group-is-layout-aa4ba910 wp-block-group-is-layout-constrained\">\n<div class=\"wp-block-group no-margin-left is-layout-flow wp-block-group-is-layout-flow\">\n<h1 class=\"has-gigantic-font-size wp-block-heading\">D\u00e9but d&rsquo;une s\u00e9rie<\/h1>\n<\/div>\n\n\n\n<div class=\"wp-block-group no-margin-right is-layout-flow wp-block-group-is-layout-flow\">\n<p>Vanitas #1 est la premi\u00e8re sculpture de la s\u00e9rie nomm\u00e9e \u201cVanit\u00e9s num\u00e9riques\u201d. Apr\u00e8s avoir mod\u00e9lis\u00e9 par le scan diff\u00e9rents objets faisant r\u00e9f\u00e9rence aux vanit\u00e9s dans l\u2019histoire de l\u2019art, nous cr\u00e9ons un mod\u00e8le amalgamant les diff\u00e9rents objets ; pour finalement l\u2019imprimer en 3D.&nbsp;<\/p>\n\n\n\n<p>Nous nous amusons des allers et retours entre les objets r\u00e9els et les objets virtuels afin de d\u00e9voiler les bugs et les aberrations.<\/p>\n<\/div>\n<\/div>\n\n\n\n<div class=\"wp-block-columns alignwide is-layout-flex wp-container-core-columns-is-layout-28f84493 wp-block-columns-is-layout-flex\">\n<div class=\"wp-block-column is-layout-flow wp-block-column-is-layout-flow\">\n<figure class=\"wp-block-image size-full\"><img loading=\"lazy\" decoding=\"async\" width=\"480\" height=\"720\" src=\"https:\/\/evavedel.com\/wp-content\/uploads\/2022\/06\/IMG_5936-3-rotated.jpg\" alt=\"\" class=\"wp-image-520\" srcset=\"https:\/\/evavedel.com\/wp-content\/uploads\/2022\/06\/IMG_5936-3-rotated.jpg 480w, https:\/\/evavedel.com\/wp-content\/uploads\/2022\/06\/IMG_5936-3-200x300.jpg 200w\" sizes=\"auto, (max-width: 480px) 100vw, 480px\" \/><\/figure>\n\n\n\n<figure class=\"wp-block-image size-full\"><img loading=\"lazy\" decoding=\"async\" width=\"720\" height=\"480\" src=\"https:\/\/evavedel.com\/wp-content\/uploads\/2022\/06\/IMG_5935.jpg\" alt=\"\" class=\"wp-image-521\" srcset=\"https:\/\/evavedel.com\/wp-content\/uploads\/2022\/06\/IMG_5935.jpg 720w, https:\/\/evavedel.com\/wp-content\/uploads\/2022\/06\/IMG_5935-300x200.jpg 300w\" sizes=\"auto, (max-width: 720px) 100vw, 720px\" \/><\/figure>\n<\/div>\n\n\n\n<div class=\"wp-block-column is-layout-flow wp-block-column-is-layout-flow\"><\/div>\n\n\n\n<div class=\"wp-block-column is-layout-flow wp-block-column-is-layout-flow\"><\/div>\n<\/div>\n\n\n\n<div class=\"wp-block-cover alignwide is-light has-parallax\" style=\"background-image:url(https:\/\/evavedel.com\/wp-content\/uploads\/2022\/06\/IMG_5934.jpg);min-height:849px;aspect-ratio:unset;\"><span aria-hidden=\"true\" class=\"wp-block-cover__background has-background-dim-0 has-background-dim\"><\/span><div class=\"wp-block-cover__inner-container is-layout-flow wp-block-cover-is-layout-flow\">\n<h1 class=\"has-text-align-center has-senary-color has-text-color has-gigantic-font-size wp-block-heading\">Impression 3D PLA<\/h1>\n<\/div><\/div>\n\n\n\n<p><\/p>","protected":false},"excerpt":{"rendered":"<p>Date projet : 2022 Vanit\u00e9 num\u00e9rique a \u00e9t\u00e9 expos\u00e9 Le Pays o\u00f9 le Ciel est Toujours Bleu avril &#8211; 2022 D\u00e9but d&rsquo;une s\u00e9rie Vanitas #1 est la premi\u00e8re sculpture de la s\u00e9rie nomm\u00e9e \u201cVanit\u00e9s num\u00e9riques\u201d. Apr\u00e8s avoir mod\u00e9lis\u00e9 par le scan diff\u00e9rents objets faisant r\u00e9f\u00e9rence aux vanit\u00e9s dans l\u2019histoire de l\u2019art, nous cr\u00e9ons un mod\u00e8le [&hellip;]<\/p>","protected":false},"author":1,"featured_media":8,"comment_status":"closed","ping_status":"closed","sticky":false,"template":"wp-custom-template-pages-artiste","format":"standard","meta":{"_themeisle_gutenberg_block_has_review":false,"footnotes":""},"categories":[11,12],"tags":[41,33,39,43,26,9,34,15,40,28,42,37],"class_list":["post-6","post","type-post","status-publish","format-standard","has-post-thumbnail","hentry","category-projets","category-recherches-en-cours","tag-art","tag-computationnel","tag-crane","tag-degradation","tag-donnee","tag-impresion_3d","tag-numerique","tag-pla","tag-scan","tag-sculpture","tag-serie","tag-temps"],"yoast_head":"<!-- This site is optimized with the Yoast SEO plugin v24.2 - https:\/\/yoast.com\/wordpress\/plugins\/seo\/ -->\n<title>Vanit\u00e9s num\u00e9riques - Eva Vedel<\/title>\n<meta name=\"robots\" content=\"index, follow, max-snippet:-1, max-image-preview:large, max-video-preview:-1\" \/>\n<link rel=\"canonical\" href=\"https:\/\/evavedel.com\/en\/vanites-numeriques\/\" \/>\n<meta property=\"og:locale\" content=\"en_GB\" \/>\n<meta property=\"og:type\" content=\"article\" \/>\n<meta property=\"og:title\" content=\"Vanit\u00e9s num\u00e9riques - Eva Vedel\" \/>\n<meta property=\"og:description\" content=\"Date projet : 2022 Vanit\u00e9 num\u00e9rique a \u00e9t\u00e9 expos\u00e9 Le Pays o\u00f9 le Ciel est Toujours Bleu avril &#8211; 2022 D\u00e9but d&rsquo;une s\u00e9rie Vanitas #1 est la premi\u00e8re sculpture de la s\u00e9rie nomm\u00e9e \u201cVanit\u00e9s num\u00e9riques\u201d. Apr\u00e8s avoir mod\u00e9lis\u00e9 par le scan diff\u00e9rents objets faisant r\u00e9f\u00e9rence aux vanit\u00e9s dans l\u2019histoire de l\u2019art, nous cr\u00e9ons un mod\u00e8le [&hellip;]\" \/>\n<meta property=\"og:url\" content=\"https:\/\/evavedel.com\/en\/vanites-numeriques\/\" \/>\n<meta property=\"og:site_name\" content=\"Eva Vedel\" \/>\n<meta property=\"article:published_time\" content=\"2022-04-01T17:27:01+00:00\" \/>\n<meta property=\"article:modified_time\" content=\"2024-10-21T14:20:02+00:00\" \/>\n<meta property=\"og:image\" content=\"https:\/\/evavedel.com\/wp-content\/uploads\/2022\/06\/IMG_5936-1-e1654540256141.jpg\" \/>\n\t<meta property=\"og:image:width\" content=\"480\" \/>\n\t<meta property=\"og:image:height\" content=\"480\" \/>\n\t<meta property=\"og:image:type\" content=\"image\/jpeg\" \/>\n<meta name=\"author\" content=\"admin3648\" \/>\n<meta name=\"twitter:card\" content=\"summary_large_image\" \/>\n<meta name=\"twitter:label1\" content=\"Written by\" \/>\n\t<meta name=\"twitter:data1\" content=\"admin3648\" \/>\n\t<meta name=\"twitter:label2\" content=\"Estimated reading time\" \/>\n\t<meta name=\"twitter:data2\" content=\"1 minute\" \/>\n<script type=\"application\/ld+json\" class=\"yoast-schema-graph\">{\"@context\":\"https:\/\/schema.org\",\"@graph\":[{\"@type\":\"Article\",\"@id\":\"https:\/\/evavedel.com\/en\/vanites-numeriques\/#article\",\"isPartOf\":{\"@id\":\"https:\/\/evavedel.com\/en\/vanites-numeriques\/\"},\"author\":{\"name\":\"admin3648\",\"@id\":\"https:\/\/evavedel.com\/#\/schema\/person\/05ebfc46de98d7cad69623941f5cf872\"},\"headline\":\"Vanit\u00e9s num\u00e9riques\",\"datePublished\":\"2022-04-01T17:27:01+00:00\",\"dateModified\":\"2024-10-21T14:20:02+00:00\",\"mainEntityOfPage\":{\"@id\":\"https:\/\/evavedel.com\/en\/vanites-numeriques\/\"},\"wordCount\":144,\"publisher\":{\"@id\":\"https:\/\/evavedel.com\/#\/schema\/person\/600e7bbae59c2b0909798bd750172c2d\"},\"image\":{\"@id\":\"https:\/\/evavedel.com\/en\/vanites-numeriques\/#primaryimage\"},\"thumbnailUrl\":\"https:\/\/evavedel.com\/wp-content\/uploads\/2022\/06\/IMG_5936-1-e1654540256141.jpg\",\"keywords\":[\"art\",\"computationnel\",\"cr\u00e2ne\",\"d\u00e9gradation\",\"donn\u00e9e\",\"Impression 3D\",\"num\u00e9rique\",\"PLA\",\"scan\",\"sculpture\",\"s\u00e9rie\",\"temps\"],\"articleSection\":[\"Projets\",\"Recherches en cours\"],\"inLanguage\":\"en-GB\"},{\"@type\":\"WebPage\",\"@id\":\"https:\/\/evavedel.com\/en\/vanites-numeriques\/\",\"url\":\"https:\/\/evavedel.com\/en\/vanites-numeriques\/\",\"name\":\"Vanit\u00e9s num\u00e9riques - Eva Vedel\",\"isPartOf\":{\"@id\":\"https:\/\/evavedel.com\/#website\"},\"primaryImageOfPage\":{\"@id\":\"https:\/\/evavedel.com\/en\/vanites-numeriques\/#primaryimage\"},\"image\":{\"@id\":\"https:\/\/evavedel.com\/en\/vanites-numeriques\/#primaryimage\"},\"thumbnailUrl\":\"https:\/\/evavedel.com\/wp-content\/uploads\/2022\/06\/IMG_5936-1-e1654540256141.jpg\",\"datePublished\":\"2022-04-01T17:27:01+00:00\",\"dateModified\":\"2024-10-21T14:20:02+00:00\",\"breadcrumb\":{\"@id\":\"https:\/\/evavedel.com\/en\/vanites-numeriques\/#breadcrumb\"},\"inLanguage\":\"en-GB\",\"potentialAction\":[{\"@type\":\"ReadAction\",\"target\":[\"https:\/\/evavedel.com\/en\/vanites-numeriques\/\"]}]},{\"@type\":\"ImageObject\",\"inLanguage\":\"en-GB\",\"@id\":\"https:\/\/evavedel.com\/en\/vanites-numeriques\/#primaryimage\",\"url\":\"https:\/\/evavedel.com\/wp-content\/uploads\/2022\/06\/IMG_5936-1-e1654540256141.jpg\",\"contentUrl\":\"https:\/\/evavedel.com\/wp-content\/uploads\/2022\/06\/IMG_5936-1-e1654540256141.jpg\",\"width\":480,\"height\":480},{\"@type\":\"BreadcrumbList\",\"@id\":\"https:\/\/evavedel.com\/en\/vanites-numeriques\/#breadcrumb\",\"itemListElement\":[{\"@type\":\"ListItem\",\"position\":1,\"name\":\"Accueil\",\"item\":\"https:\/\/evavedel.com\/\"},{\"@type\":\"ListItem\",\"position\":2,\"name\":\"Vanit\u00e9s num\u00e9riques\"}]},{\"@type\":\"WebSite\",\"@id\":\"https:\/\/evavedel.com\/#website\",\"url\":\"https:\/\/evavedel.com\/\",\"name\":\"Eva Vedel\",\"description\":\"Designer &amp; artiste\",\"publisher\":{\"@id\":\"https:\/\/evavedel.com\/#\/schema\/person\/600e7bbae59c2b0909798bd750172c2d\"},\"potentialAction\":[{\"@type\":\"SearchAction\",\"target\":{\"@type\":\"EntryPoint\",\"urlTemplate\":\"https:\/\/evavedel.com\/?s={search_term_string}\"},\"query-input\":{\"@type\":\"PropertyValueSpecification\",\"valueRequired\":true,\"valueName\":\"search_term_string\"}}],\"inLanguage\":\"en-GB\"},{\"@type\":[\"Person\",\"Organization\"],\"@id\":\"https:\/\/evavedel.com\/#\/schema\/person\/600e7bbae59c2b0909798bd750172c2d\",\"name\":\"Eva Vedel\",\"image\":{\"@type\":\"ImageObject\",\"inLanguage\":\"en-GB\",\"@id\":\"https:\/\/evavedel.com\/#\/schema\/person\/image\/\",\"url\":\"https:\/\/evavedel.com\/wp-content\/uploads\/2024\/10\/LOGO_Eva-Vedel_2022-2_Plan-de-travail-1-copie.png\",\"contentUrl\":\"https:\/\/evavedel.com\/wp-content\/uploads\/2024\/10\/LOGO_Eva-Vedel_2022-2_Plan-de-travail-1-copie.png\",\"width\":5000,\"height\":5000,\"caption\":\"Eva Vedel\"},\"logo\":{\"@id\":\"https:\/\/evavedel.com\/#\/schema\/person\/image\/\"},\"sameAs\":[\"https:\/\/www.instagram.com\/eva.vedel\/?hl=fr\",\"https:\/\/www.linkedin.com\/in\/evavedel\/\"]},{\"@type\":\"Person\",\"@id\":\"https:\/\/evavedel.com\/#\/schema\/person\/05ebfc46de98d7cad69623941f5cf872\",\"name\":\"admin3648\",\"image\":{\"@type\":\"ImageObject\",\"inLanguage\":\"en-GB\",\"@id\":\"https:\/\/evavedel.com\/#\/schema\/person\/image\/\",\"url\":\"https:\/\/secure.gravatar.com\/avatar\/6ccac73fcba0dddd4f46a8067c88ebe1caf6a2c7dc38ca08a7a57ebc60b35a9a?s=96&d=mm&r=g\",\"contentUrl\":\"https:\/\/secure.gravatar.com\/avatar\/6ccac73fcba0dddd4f46a8067c88ebe1caf6a2c7dc38ca08a7a57ebc60b35a9a?s=96&d=mm&r=g\",\"caption\":\"admin3648\"},\"sameAs\":[\"https:\/\/evavedel.com\"],\"url\":\"https:\/\/evavedel.com\/en\/author\/admin3648\/\"}]}<\/script>\n<!-- \/ Yoast SEO plugin. -->","yoast_head_json":{"title":"Vanit\u00e9s num\u00e9riques - Eva Vedel","robots":{"index":"index","follow":"follow","max-snippet":"max-snippet:-1","max-image-preview":"max-image-preview:large","max-video-preview":"max-video-preview:-1"},"canonical":"https:\/\/evavedel.com\/en\/vanites-numeriques\/","og_locale":"en_GB","og_type":"article","og_title":"Vanit\u00e9s num\u00e9riques - Eva Vedel","og_description":"Date projet : 2022 Vanit\u00e9 num\u00e9rique a \u00e9t\u00e9 expos\u00e9 Le Pays o\u00f9 le Ciel est Toujours Bleu avril &#8211; 2022 D\u00e9but d&rsquo;une s\u00e9rie Vanitas #1 est la premi\u00e8re sculpture de la s\u00e9rie nomm\u00e9e \u201cVanit\u00e9s num\u00e9riques\u201d. Apr\u00e8s avoir mod\u00e9lis\u00e9 par le scan diff\u00e9rents objets faisant r\u00e9f\u00e9rence aux vanit\u00e9s dans l\u2019histoire de l\u2019art, nous cr\u00e9ons un mod\u00e8le [&hellip;]","og_url":"https:\/\/evavedel.com\/en\/vanites-numeriques\/","og_site_name":"Eva Vedel","article_published_time":"2022-04-01T17:27:01+00:00","article_modified_time":"2024-10-21T14:20:02+00:00","og_image":[{"width":480,"height":480,"url":"https:\/\/evavedel.com\/wp-content\/uploads\/2022\/06\/IMG_5936-1-e1654540256141.jpg","type":"image\/jpeg"}],"author":"admin3648","twitter_card":"summary_large_image","twitter_misc":{"Written by":"admin3648","Estimated reading time":"1 minute"},"schema":{"@context":"https:\/\/schema.org","@graph":[{"@type":"Article","@id":"https:\/\/evavedel.com\/en\/vanites-numeriques\/#article","isPartOf":{"@id":"https:\/\/evavedel.com\/en\/vanites-numeriques\/"},"author":{"name":"admin3648","@id":"https:\/\/evavedel.com\/#\/schema\/person\/05ebfc46de98d7cad69623941f5cf872"},"headline":"Vanit\u00e9s num\u00e9riques","datePublished":"2022-04-01T17:27:01+00:00","dateModified":"2024-10-21T14:20:02+00:00","mainEntityOfPage":{"@id":"https:\/\/evavedel.com\/en\/vanites-numeriques\/"},"wordCount":144,"publisher":{"@id":"https:\/\/evavedel.com\/#\/schema\/person\/600e7bbae59c2b0909798bd750172c2d"},"image":{"@id":"https:\/\/evavedel.com\/en\/vanites-numeriques\/#primaryimage"},"thumbnailUrl":"https:\/\/evavedel.com\/wp-content\/uploads\/2022\/06\/IMG_5936-1-e1654540256141.jpg","keywords":["art","computationnel","cr\u00e2ne","d\u00e9gradation","donn\u00e9e","Impression 3D","num\u00e9rique","PLA","scan","sculpture","s\u00e9rie","temps"],"articleSection":["Projets","Recherches en cours"],"inLanguage":"en-GB"},{"@type":"WebPage","@id":"https:\/\/evavedel.com\/en\/vanites-numeriques\/","url":"https:\/\/evavedel.com\/en\/vanites-numeriques\/","name":"Vanit\u00e9s num\u00e9riques - Eva Vedel","isPartOf":{"@id":"https:\/\/evavedel.com\/#website"},"primaryImageOfPage":{"@id":"https:\/\/evavedel.com\/en\/vanites-numeriques\/#primaryimage"},"image":{"@id":"https:\/\/evavedel.com\/en\/vanites-numeriques\/#primaryimage"},"thumbnailUrl":"https:\/\/evavedel.com\/wp-content\/uploads\/2022\/06\/IMG_5936-1-e1654540256141.jpg","datePublished":"2022-04-01T17:27:01+00:00","dateModified":"2024-10-21T14:20:02+00:00","breadcrumb":{"@id":"https:\/\/evavedel.com\/en\/vanites-numeriques\/#breadcrumb"},"inLanguage":"en-GB","potentialAction":[{"@type":"ReadAction","target":["https:\/\/evavedel.com\/en\/vanites-numeriques\/"]}]},{"@type":"ImageObject","inLanguage":"en-GB","@id":"https:\/\/evavedel.com\/en\/vanites-numeriques\/#primaryimage","url":"https:\/\/evavedel.com\/wp-content\/uploads\/2022\/06\/IMG_5936-1-e1654540256141.jpg","contentUrl":"https:\/\/evavedel.com\/wp-content\/uploads\/2022\/06\/IMG_5936-1-e1654540256141.jpg","width":480,"height":480},{"@type":"BreadcrumbList","@id":"https:\/\/evavedel.com\/en\/vanites-numeriques\/#breadcrumb","itemListElement":[{"@type":"ListItem","position":1,"name":"Accueil","item":"https:\/\/evavedel.com\/"},{"@type":"ListItem","position":2,"name":"Vanit\u00e9s num\u00e9riques"}]},{"@type":"WebSite","@id":"https:\/\/evavedel.com\/#website","url":"https:\/\/evavedel.com\/","name":"Eva Vedel","description":"Designer &amp; artiste","publisher":{"@id":"https:\/\/evavedel.com\/#\/schema\/person\/600e7bbae59c2b0909798bd750172c2d"},"potentialAction":[{"@type":"SearchAction","target":{"@type":"EntryPoint","urlTemplate":"https:\/\/evavedel.com\/?s={search_term_string}"},"query-input":{"@type":"PropertyValueSpecification","valueRequired":true,"valueName":"search_term_string"}}],"inLanguage":"en-GB"},{"@type":["Person","Organization"],"@id":"https:\/\/evavedel.com\/#\/schema\/person\/600e7bbae59c2b0909798bd750172c2d","name":"Eva Vedel","image":{"@type":"ImageObject","inLanguage":"en-GB","@id":"https:\/\/evavedel.com\/#\/schema\/person\/image\/","url":"https:\/\/evavedel.com\/wp-content\/uploads\/2024\/10\/LOGO_Eva-Vedel_2022-2_Plan-de-travail-1-copie.png","contentUrl":"https:\/\/evavedel.com\/wp-content\/uploads\/2024\/10\/LOGO_Eva-Vedel_2022-2_Plan-de-travail-1-copie.png","width":5000,"height":5000,"caption":"Eva Vedel"},"logo":{"@id":"https:\/\/evavedel.com\/#\/schema\/person\/image\/"},"sameAs":["https:\/\/www.instagram.com\/eva.vedel\/?hl=fr","https:\/\/www.linkedin.com\/in\/evavedel\/"]},{"@type":"Person","@id":"https:\/\/evavedel.com\/#\/schema\/person\/05ebfc46de98d7cad69623941f5cf872","name":"admin3648","image":{"@type":"ImageObject","inLanguage":"en-GB","@id":"https:\/\/evavedel.com\/#\/schema\/person\/image\/","url":"https:\/\/secure.gravatar.com\/avatar\/6ccac73fcba0dddd4f46a8067c88ebe1caf6a2c7dc38ca08a7a57ebc60b35a9a?s=96&d=mm&r=g","contentUrl":"https:\/\/secure.gravatar.com\/avatar\/6ccac73fcba0dddd4f46a8067c88ebe1caf6a2c7dc38ca08a7a57ebc60b35a9a?s=96&d=mm&r=g","caption":"admin3648"},"sameAs":["https:\/\/evavedel.com"],"url":"https:\/\/evavedel.com\/en\/author\/admin3648\/"}]}},"_links":{"self":[{"href":"https:\/\/evavedel.com\/en\/wp-json\/wp\/v2\/posts\/6","targetHints":{"allow":["GET"]}}],"collection":[{"href":"https:\/\/evavedel.com\/en\/wp-json\/wp\/v2\/posts"}],"about":[{"href":"https:\/\/evavedel.com\/en\/wp-json\/wp\/v2\/types\/post"}],"author":[{"embeddable":true,"href":"https:\/\/evavedel.com\/en\/wp-json\/wp\/v2\/users\/1"}],"replies":[{"embeddable":true,"href":"https:\/\/evavedel.com\/en\/wp-json\/wp\/v2\/comments?post=6"}],"version-history":[{"count":3,"href":"https:\/\/evavedel.com\/en\/wp-json\/wp\/v2\/posts\/6\/revisions"}],"predecessor-version":[{"id":526,"href":"https:\/\/evavedel.com\/en\/wp-json\/wp\/v2\/posts\/6\/revisions\/526"}],"wp:featuredmedia":[{"embeddable":true,"href":"https:\/\/evavedel.com\/en\/wp-json\/wp\/v2\/media\/8"}],"wp:attachment":[{"href":"https:\/\/evavedel.com\/en\/wp-json\/wp\/v2\/media?parent=6"}],"wp:term":[{"taxonomy":"category","embeddable":true,"href":"https:\/\/evavedel.com\/en\/wp-json\/wp\/v2\/categories?post=6"},{"taxonomy":"post_tag","embeddable":true,"href":"https:\/\/evavedel.com\/en\/wp-json\/wp\/v2\/tags?post=6"}],"curies":[{"name":"wp","href":"https:\/\/api.w.org\/{rel}","templated":true}]}}