{"id":675,"date":"2024-02-01T11:42:45","date_gmt":"2024-02-01T10:42:45","guid":{"rendered":"https:\/\/evavedel.com\/?p=675"},"modified":"2024-10-21T16:18:06","modified_gmt":"2024-10-21T14:18:06","slug":"data_vessel","status":"publish","type":"post","link":"https:\/\/evavedel.com\/en\/data_vessel\/","title":{"rendered":"Data_Vessel"},"content":{"rendered":"<div class=\"wp-block-cover alignfull is-light has-parallax\" style=\"min-height:674px;aspect-ratio:unset;\"><span aria-hidden=\"true\" class=\"wp-block-cover__background has-background-dim-0 has-background-dim\"><\/span><div role=\"img\" class=\"wp-block-cover__image-background wp-image-679 has-parallax\" style=\"background-position:50% 50%;background-image:url(https:\/\/evavedel.com\/wp-content\/uploads\/2024\/02\/DSC_3677-scaled.jpg)\"><\/div><div class=\"wp-block-cover__inner-container is-layout-flow wp-block-cover-is-layout-flow\">\n<div class=\"wp-block-group is-layout-constrained wp-container-core-group-is-layout-33d1d030 wp-block-group-is-layout-constrained\">\n<div class=\"wp-block-group is-style-default has-foreground-color has-senary-background-color has-text-color has-background is-layout-flow wp-block-group-is-layout-flow\">\n<h1 class=\"wp-block-heading has-text-align-center\">Objet fun\u00e9raire \u00e0 partir des r\u00e9cits oraux<\/h1>\n\n\n\n<hr class=\"wp-block-separator has-text-color has-foreground-color has-alpha-channel-opacity has-foreground-background-color has-background\"\/>\n\n\n\n<p class=\"has-text-align-center has-large-font-size\">Le projet de design fun\u00e9raire <em>DATA_Vessel<\/em> est port\u00e9 par le laboratoire de recherche <em>Object, Craft and computation<\/em> auquel je participe. Cet objet de recherche est financ\u00e9 par le minist\u00e8re de la culture.<\/p>\n\n\n\n<div class=\"wp-block-buttons is-horizontal is-content-justification-center is-layout-flex wp-container-core-buttons-is-layout-03627597 wp-block-buttons-is-layout-flex\">\n<div class=\"wp-block-button is-style-fill\"><a class=\"wp-block-button__link has-foreground-color has-primary-background-color has-text-color has-background wp-element-button\" href=\"https:\/\/occ.esadorleans.fr\/blog\/2021\/03\/09\/data_vessel\/\" target=\"_blank\" rel=\"noreferrer noopener\">Article<\/a><\/div>\n<\/div>\n<\/div>\n<\/div>\n<\/div><\/div>\n\n\n\n<div style=\"height:100px\" aria-hidden=\"true\" class=\"wp-block-spacer\"><\/div>\n\n\n\n<div class=\"wp-block-columns alignwide is-layout-flex wp-container-core-columns-is-layout-28f84493 wp-block-columns-is-layout-flex\">\n<div class=\"wp-block-column is-layout-flow wp-block-column-is-layout-flow\">\n<h2 class=\"wp-block-heading\">Design fun\u00e9raire<\/h2>\n\n\n\n<h3 class=\"wp-block-heading has-extra-large-font-size\">Origine du projet de recherche<\/h3>\n\n\n\n<p><em>DATA_vessel<\/em>, financ\u00e9 par le minist\u00e8re de la culture, a \u00e9t\u00e9 initi\u00e9 par Olivier Bouton et <a href=\"https:\/\/czhd.fr\/caroline-zahnd\/\">Caroline Zahnd<\/a> et d\u00e9pos\u00e9 au commun du programme de recherche <em><a href=\"https:\/\/occ.esadorleans.fr\">Objects, Crafts and Computation<\/a><\/em>.<\/p>\n\n\n\n<p>Avec <a href=\"http:\/\/ameliesamson.com\">Am\u00e9lie Samson<\/a> en tant que <a href=\"https:\/\/collectifkairos.com\">Collectif Ka\u00efros<\/a>, nous proposons une version de <em>DATA_vessel<\/em> impliquant les proches du d\u00e9funt dans la cr\u00e9ation de cet objet au travers de leurs souvenirs.<\/p>\n\n\n\n<h3 class=\"wp-block-heading has-extra-large-font-size\">Exister \u00e0 travers les mots<\/h3>\n\n\n\n<p>Lorsque vient la question de s\u2019int\u00e9resser \u00e0 \u201cce qui reste\u201d d\u2019un\u00b7e d\u00e9funt\u00b7e, certain\u00b7e\u00b7s pensent \u00e0 la tombe, certains pensent aux cendres, aux os. D\u2019autres penseront aux divers biens mat\u00e9riels ayant appartenu \u00e0 la personne. D\u2019autres encore r\u00e9pondront qu\u2019assur\u00e9ment il leur reste des souvenirs, des r\u00e9cits qui construisent la l\u00e9gende d\u2019un \u00eatre qui a v\u00e9cu. Par les mots, les vivants permettent aux morts de continuer d\u2019exister. C\u2019est ce qu\u2019appuie Vinciane Despret dans son enqu\u00eate \u201c<a href=\"https:\/\/www.editionsladecouverte.fr\/au_bonheur_des_morts-9782359251258\">Au bonheur des morts<\/a>\u201d : il faut consid\u00e9rer le mort comme engag\u00e9 dans des processus de transformation conjointe avec le vivant.<\/p>\n<\/div>\n\n\n\n<div class=\"wp-block-column is-layout-flow wp-block-column-is-layout-flow\">\n<figure class=\"wp-block-image alignright size-large\"><img loading=\"lazy\" decoding=\"async\" width=\"683\" height=\"1024\" src=\"http:\/\/evavedel.com\/wp-content\/uploads\/2024\/02\/IMG_6098-683x1024.jpg\" alt=\"\" class=\"wp-image-678\" srcset=\"https:\/\/evavedel.com\/wp-content\/uploads\/2024\/02\/IMG_6098-683x1024.jpg 683w, https:\/\/evavedel.com\/wp-content\/uploads\/2024\/02\/IMG_6098-200x300.jpg 200w, https:\/\/evavedel.com\/wp-content\/uploads\/2024\/02\/IMG_6098-768x1152.jpg 768w, https:\/\/evavedel.com\/wp-content\/uploads\/2024\/02\/IMG_6098-1024x1536.jpg 1024w, https:\/\/evavedel.com\/wp-content\/uploads\/2024\/02\/IMG_6098-1365x2048.jpg 1365w, https:\/\/evavedel.com\/wp-content\/uploads\/2024\/02\/IMG_6098-8x12.jpg 8w, https:\/\/evavedel.com\/wp-content\/uploads\/2024\/02\/IMG_6098-1792x2688.jpg 1792w, https:\/\/evavedel.com\/wp-content\/uploads\/2024\/02\/IMG_6098-scaled.jpg 1707w\" sizes=\"auto, (max-width: 683px) 100vw, 683px\" \/><figcaption class=\"wp-element-caption\">Prototype 1 de <em>DATA_vessel<\/em><\/figcaption><\/figure>\n<\/div>\n<\/div>\n\n\n\n<div class=\"wp-block-columns alignwide is-layout-flex wp-container-core-columns-is-layout-28f84493 wp-block-columns-is-layout-flex\">\n<div class=\"wp-block-column is-layout-flow wp-block-column-is-layout-flow\">\n<figure class=\"wp-block-image size-large\"><img loading=\"lazy\" decoding=\"async\" width=\"768\" height=\"1024\" src=\"http:\/\/evavedel.com\/wp-content\/uploads\/2024\/02\/DSC_3677-1-768x1024.jpg\" alt=\"\" class=\"wp-image-680\" srcset=\"https:\/\/evavedel.com\/wp-content\/uploads\/2024\/02\/DSC_3677-1-768x1025.jpg 768w, https:\/\/evavedel.com\/wp-content\/uploads\/2024\/02\/DSC_3677-1-225x300.jpg 225w, https:\/\/evavedel.com\/wp-content\/uploads\/2024\/02\/DSC_3677-1-1151x1536.jpg 1151w, https:\/\/evavedel.com\/wp-content\/uploads\/2024\/02\/DSC_3677-1-1535x2048.jpg 1535w, https:\/\/evavedel.com\/wp-content\/uploads\/2024\/02\/DSC_3677-1-9x12.jpg 9w, https:\/\/evavedel.com\/wp-content\/uploads\/2024\/02\/DSC_3677-1-1792x2391.jpg 1792w, https:\/\/evavedel.com\/wp-content\/uploads\/2024\/02\/DSC_3677-1-scaled.jpg 1919w\" sizes=\"auto, (max-width: 768px) 100vw, 768px\" \/><figcaption class=\"wp-element-caption\">Diff\u00e9rentes hypoth\u00e8se d&rsquo;algorithmes traducteurs de son.<\/figcaption><\/figure>\n<\/div>\n\n\n\n<div class=\"wp-block-column is-layout-flow wp-block-column-is-layout-flow\">\n<h2 class=\"wp-block-heading\">Les proches du d\u00e9funt co-cr\u00e9ent un objet de comm\u00e9moration<\/h2>\n\n\n\n<h2 class=\"wp-block-heading has-extra-large-font-size\">Recueillir les souvenirs<\/h2>\n\n\n\n<p>La premi\u00e8re \u00e9tape de cr\u00e9ation de cette st\u00e8le est une qu\u00eate de t\u00e9moignages, de donn\u00e9es sensibles, mots, \u00e9motions, souvenirs. Nous invitons les proches du d\u00e9funt lors d&rsquo;un \u00e9change oral priv\u00e9 \u00e0 partager leurs anecdotes joyeuses, dr\u00f4les, \u00e9mouvantes \u00e0 propos de la personne qu&rsquo;ils ont perdu.<br>Ainsi faire du d\u00e9part de la personne d\u00e9c\u00e9d\u00e9e, un hommage \u00e0 la vie.<\/p>\n\n\n\n<h2 class=\"wp-block-heading has-extra-large-font-size\">Incarner l&rsquo;oralit\u00e9 dans un objet<\/h2>\n\n\n\n<p>Les enregistrements audios de ces t\u00e9moignages sont ensuite travaill\u00e9s puis int\u00e9gr\u00e9s dans un algorithme que nous avons \u00e9crit, traduisant le son en forme.<\/p>\n\n\n\n<p>Par leurs souvenirs, les proches du d\u00e9funt deviennent ainsi co-cr\u00e9ateur de cet objet de comm\u00e9moration.<\/p>\n<\/div>\n<\/div>\n\n\n\n<div style=\"height:100px\" aria-hidden=\"true\" class=\"wp-block-spacer\"><\/div>\n\n\n\n<h2 class=\"wp-block-heading alignwide has-text-align-center\">Des cimeti\u00e8res v\u00e9g\u00e9taux<\/h2>\n\n\n\n<p>L&rsquo;autre particularit\u00e9 de cet urne est qu&rsquo;elle a aussi la fonction d&rsquo;oya.<\/p>\n\n\n\n<div class=\"wp-block-columns alignwide is-layout-flex wp-container-core-columns-is-layout-28f84493 wp-block-columns-is-layout-flex\">\n<div class=\"wp-block-column is-layout-flow wp-block-column-is-layout-flow\">\n<figure class=\"wp-block-image size-large\"><img loading=\"lazy\" decoding=\"async\" width=\"1024\" height=\"724\" src=\"http:\/\/evavedel.com\/wp-content\/uploads\/2024\/02\/signature-collectif6-1024x724.jpg\" alt=\"\" class=\"wp-image-676\" srcset=\"https:\/\/evavedel.com\/wp-content\/uploads\/2024\/02\/signature-collectif6-1024x724.jpg 1024w, https:\/\/evavedel.com\/wp-content\/uploads\/2024\/02\/signature-collectif6-300x212.jpg 300w, https:\/\/evavedel.com\/wp-content\/uploads\/2024\/02\/signature-collectif6-768x543.jpg 768w, https:\/\/evavedel.com\/wp-content\/uploads\/2024\/02\/signature-collectif6-1536x1086.jpg 1536w, https:\/\/evavedel.com\/wp-content\/uploads\/2024\/02\/signature-collectif6-2048x1448.jpg 2048w, https:\/\/evavedel.com\/wp-content\/uploads\/2024\/02\/signature-collectif6-18x12.jpg 18w, https:\/\/evavedel.com\/wp-content\/uploads\/2024\/02\/signature-collectif6-1792x1267.jpg 1792w\" sizes=\"auto, (max-width: 1024px) 100vw, 1024px\" \/><\/figure>\n<\/div>\n\n\n\n<div class=\"wp-block-column is-layout-flow wp-block-column-is-layout-flow\">\n<figure class=\"wp-block-image size-large\"><img loading=\"lazy\" decoding=\"async\" width=\"1024\" height=\"724\" src=\"https:\/\/evavedel.com\/wp-content\/uploads\/2024\/02\/data_vessel1-1024x724.jpg\" alt=\"\" class=\"wp-image-681\" srcset=\"https:\/\/evavedel.com\/wp-content\/uploads\/2024\/02\/data_vessel1-1024x724.jpg 1024w, https:\/\/evavedel.com\/wp-content\/uploads\/2024\/02\/data_vessel1-300x212.jpg 300w, https:\/\/evavedel.com\/wp-content\/uploads\/2024\/02\/data_vessel1-768x543.jpg 768w, https:\/\/evavedel.com\/wp-content\/uploads\/2024\/02\/data_vessel1-1536x1086.jpg 1536w, https:\/\/evavedel.com\/wp-content\/uploads\/2024\/02\/data_vessel1-2048x1448.jpg 2048w, https:\/\/evavedel.com\/wp-content\/uploads\/2024\/02\/data_vessel1-18x12.jpg 18w, https:\/\/evavedel.com\/wp-content\/uploads\/2024\/02\/data_vessel1-1792x1267.jpg 1792w\" sizes=\"auto, (max-width: 1024px) 100vw, 1024px\" \/><\/figure>\n<\/div>\n<\/div>","protected":false},"excerpt":{"rendered":"<p>Design fun\u00e9raire Origine du projet de recherche DATA_vessel, financ\u00e9 par le minist\u00e8re de la culture, a \u00e9t\u00e9 initi\u00e9 par Olivier Bouton et Caroline Zahnd et d\u00e9pos\u00e9 au commun du programme de recherche Objects, Crafts and Computation. Avec Am\u00e9lie Samson en tant que Collectif Ka\u00efros, nous proposons une version de DATA_vessel impliquant les proches du d\u00e9funt [&hellip;]<\/p>","protected":false},"author":2,"featured_media":680,"comment_status":"closed","ping_status":"closed","sticky":false,"template":"wp-custom-template-pages-artiste","format":"standard","meta":{"_themeisle_gutenberg_block_has_review":false,"footnotes":""},"categories":[58,11],"tags":[],"class_list":["post-675","post","type-post","status-publish","format-standard","has-post-thumbnail","hentry","category-objet","category-projets"],"yoast_head":"<!-- This site is optimized with the Yoast SEO plugin v24.2 - https:\/\/yoast.com\/wordpress\/plugins\/seo\/ -->\n<title>Data_Vessel - Eva Vedel<\/title>\n<meta name=\"robots\" content=\"index, follow, max-snippet:-1, max-image-preview:large, max-video-preview:-1\" \/>\n<link rel=\"canonical\" href=\"https:\/\/evavedel.com\/en\/data_vessel\/\" \/>\n<meta property=\"og:locale\" content=\"en_GB\" \/>\n<meta property=\"og:type\" content=\"article\" \/>\n<meta property=\"og:title\" content=\"Data_Vessel - Eva Vedel\" \/>\n<meta property=\"og:description\" content=\"Design fun\u00e9raire Origine du projet de recherche DATA_vessel, financ\u00e9 par le minist\u00e8re de la culture, a \u00e9t\u00e9 initi\u00e9 par Olivier Bouton et Caroline Zahnd et d\u00e9pos\u00e9 au commun du programme de recherche Objects, Crafts and Computation. Avec Am\u00e9lie Samson en tant que Collectif Ka\u00efros, nous proposons une version de DATA_vessel impliquant les proches du d\u00e9funt [&hellip;]\" \/>\n<meta property=\"og:url\" content=\"https:\/\/evavedel.com\/en\/data_vessel\/\" \/>\n<meta property=\"og:site_name\" content=\"Eva Vedel\" \/>\n<meta property=\"article:published_time\" content=\"2024-02-01T10:42:45+00:00\" \/>\n<meta property=\"article:modified_time\" content=\"2024-10-21T14:18:06+00:00\" \/>\n<meta property=\"og:image\" content=\"https:\/\/evavedel.com\/wp-content\/uploads\/2024\/02\/DSC_3677-1-scaled.jpg\" \/>\n\t<meta property=\"og:image:width\" content=\"1919\" \/>\n\t<meta property=\"og:image:height\" content=\"2560\" \/>\n\t<meta property=\"og:image:type\" content=\"image\/jpeg\" \/>\n<meta name=\"author\" content=\"Eva Vedel\" \/>\n<meta name=\"twitter:card\" content=\"summary_large_image\" \/>\n<meta name=\"twitter:label1\" content=\"Written by\" \/>\n\t<meta name=\"twitter:data1\" content=\"Eva Vedel\" \/>\n\t<meta name=\"twitter:label2\" content=\"Estimated reading time\" \/>\n\t<meta name=\"twitter:data2\" content=\"3 minutes\" \/>\n<script type=\"application\/ld+json\" class=\"yoast-schema-graph\">{\"@context\":\"https:\/\/schema.org\",\"@graph\":[{\"@type\":\"Article\",\"@id\":\"https:\/\/evavedel.com\/en\/data_vessel\/#article\",\"isPartOf\":{\"@id\":\"https:\/\/evavedel.com\/en\/data_vessel\/\"},\"author\":{\"name\":\"Eva Vedel\",\"@id\":\"https:\/\/evavedel.com\/#\/schema\/person\/600e7bbae59c2b0909798bd750172c2d\"},\"headline\":\"Data_Vessel\",\"datePublished\":\"2024-02-01T10:42:45+00:00\",\"dateModified\":\"2024-10-21T14:18:06+00:00\",\"mainEntityOfPage\":{\"@id\":\"https:\/\/evavedel.com\/en\/data_vessel\/\"},\"wordCount\":407,\"publisher\":{\"@id\":\"https:\/\/evavedel.com\/#\/schema\/person\/600e7bbae59c2b0909798bd750172c2d\"},\"image\":{\"@id\":\"https:\/\/evavedel.com\/en\/data_vessel\/#primaryimage\"},\"thumbnailUrl\":\"https:\/\/evavedel.com\/wp-content\/uploads\/2024\/02\/DSC_3677-1-scaled.jpg\",\"articleSection\":[\"Objet\",\"Projets\"],\"inLanguage\":\"en-GB\"},{\"@type\":\"WebPage\",\"@id\":\"https:\/\/evavedel.com\/en\/data_vessel\/\",\"url\":\"https:\/\/evavedel.com\/en\/data_vessel\/\",\"name\":\"Data_Vessel - Eva Vedel\",\"isPartOf\":{\"@id\":\"https:\/\/evavedel.com\/#website\"},\"primaryImageOfPage\":{\"@id\":\"https:\/\/evavedel.com\/en\/data_vessel\/#primaryimage\"},\"image\":{\"@id\":\"https:\/\/evavedel.com\/en\/data_vessel\/#primaryimage\"},\"thumbnailUrl\":\"https:\/\/evavedel.com\/wp-content\/uploads\/2024\/02\/DSC_3677-1-scaled.jpg\",\"datePublished\":\"2024-02-01T10:42:45+00:00\",\"dateModified\":\"2024-10-21T14:18:06+00:00\",\"breadcrumb\":{\"@id\":\"https:\/\/evavedel.com\/en\/data_vessel\/#breadcrumb\"},\"inLanguage\":\"en-GB\",\"potentialAction\":[{\"@type\":\"ReadAction\",\"target\":[\"https:\/\/evavedel.com\/en\/data_vessel\/\"]}]},{\"@type\":\"ImageObject\",\"inLanguage\":\"en-GB\",\"@id\":\"https:\/\/evavedel.com\/en\/data_vessel\/#primaryimage\",\"url\":\"https:\/\/evavedel.com\/wp-content\/uploads\/2024\/02\/DSC_3677-1-scaled.jpg\",\"contentUrl\":\"https:\/\/evavedel.com\/wp-content\/uploads\/2024\/02\/DSC_3677-1-scaled.jpg\",\"width\":1919,\"height\":2560},{\"@type\":\"BreadcrumbList\",\"@id\":\"https:\/\/evavedel.com\/en\/data_vessel\/#breadcrumb\",\"itemListElement\":[{\"@type\":\"ListItem\",\"position\":1,\"name\":\"Accueil\",\"item\":\"https:\/\/evavedel.com\/\"},{\"@type\":\"ListItem\",\"position\":2,\"name\":\"Data_Vessel\"}]},{\"@type\":\"WebSite\",\"@id\":\"https:\/\/evavedel.com\/#website\",\"url\":\"https:\/\/evavedel.com\/\",\"name\":\"Eva Vedel\",\"description\":\"Designer &amp; artiste\",\"publisher\":{\"@id\":\"https:\/\/evavedel.com\/#\/schema\/person\/600e7bbae59c2b0909798bd750172c2d\"},\"potentialAction\":[{\"@type\":\"SearchAction\",\"target\":{\"@type\":\"EntryPoint\",\"urlTemplate\":\"https:\/\/evavedel.com\/?s={search_term_string}\"},\"query-input\":{\"@type\":\"PropertyValueSpecification\",\"valueRequired\":true,\"valueName\":\"search_term_string\"}}],\"inLanguage\":\"en-GB\"},{\"@type\":[\"Person\",\"Organization\"],\"@id\":\"https:\/\/evavedel.com\/#\/schema\/person\/600e7bbae59c2b0909798bd750172c2d\",\"name\":\"Eva Vedel\",\"image\":{\"@type\":\"ImageObject\",\"inLanguage\":\"en-GB\",\"@id\":\"https:\/\/evavedel.com\/#\/schema\/person\/image\/\",\"url\":\"https:\/\/evavedel.com\/wp-content\/uploads\/2024\/10\/LOGO_Eva-Vedel_2022-2_Plan-de-travail-1-copie.png\",\"contentUrl\":\"https:\/\/evavedel.com\/wp-content\/uploads\/2024\/10\/LOGO_Eva-Vedel_2022-2_Plan-de-travail-1-copie.png\",\"width\":5000,\"height\":5000,\"caption\":\"Eva Vedel\"},\"logo\":{\"@id\":\"https:\/\/evavedel.com\/#\/schema\/person\/image\/\"},\"sameAs\":[\"https:\/\/www.instagram.com\/eva.vedel\/?hl=fr\",\"https:\/\/www.linkedin.com\/in\/evavedel\/\"],\"url\":\"https:\/\/evavedel.com\/en\/author\/evavedel\/\"}]}<\/script>\n<!-- \/ Yoast SEO plugin. -->","yoast_head_json":{"title":"Data_Vessel - Eva Vedel","robots":{"index":"index","follow":"follow","max-snippet":"max-snippet:-1","max-image-preview":"max-image-preview:large","max-video-preview":"max-video-preview:-1"},"canonical":"https:\/\/evavedel.com\/en\/data_vessel\/","og_locale":"en_GB","og_type":"article","og_title":"Data_Vessel - Eva Vedel","og_description":"Design fun\u00e9raire Origine du projet de recherche DATA_vessel, financ\u00e9 par le minist\u00e8re de la culture, a \u00e9t\u00e9 initi\u00e9 par Olivier Bouton et Caroline Zahnd et d\u00e9pos\u00e9 au commun du programme de recherche Objects, Crafts and Computation. Avec Am\u00e9lie Samson en tant que Collectif Ka\u00efros, nous proposons une version de DATA_vessel impliquant les proches du d\u00e9funt [&hellip;]","og_url":"https:\/\/evavedel.com\/en\/data_vessel\/","og_site_name":"Eva Vedel","article_published_time":"2024-02-01T10:42:45+00:00","article_modified_time":"2024-10-21T14:18:06+00:00","og_image":[{"width":1919,"height":2560,"url":"https:\/\/evavedel.com\/wp-content\/uploads\/2024\/02\/DSC_3677-1-scaled.jpg","type":"image\/jpeg"}],"author":"Eva Vedel","twitter_card":"summary_large_image","twitter_misc":{"Written by":"Eva Vedel","Estimated reading time":"3 minutes"},"schema":{"@context":"https:\/\/schema.org","@graph":[{"@type":"Article","@id":"https:\/\/evavedel.com\/en\/data_vessel\/#article","isPartOf":{"@id":"https:\/\/evavedel.com\/en\/data_vessel\/"},"author":{"name":"Eva Vedel","@id":"https:\/\/evavedel.com\/#\/schema\/person\/600e7bbae59c2b0909798bd750172c2d"},"headline":"Data_Vessel","datePublished":"2024-02-01T10:42:45+00:00","dateModified":"2024-10-21T14:18:06+00:00","mainEntityOfPage":{"@id":"https:\/\/evavedel.com\/en\/data_vessel\/"},"wordCount":407,"publisher":{"@id":"https:\/\/evavedel.com\/#\/schema\/person\/600e7bbae59c2b0909798bd750172c2d"},"image":{"@id":"https:\/\/evavedel.com\/en\/data_vessel\/#primaryimage"},"thumbnailUrl":"https:\/\/evavedel.com\/wp-content\/uploads\/2024\/02\/DSC_3677-1-scaled.jpg","articleSection":["Objet","Projets"],"inLanguage":"en-GB"},{"@type":"WebPage","@id":"https:\/\/evavedel.com\/en\/data_vessel\/","url":"https:\/\/evavedel.com\/en\/data_vessel\/","name":"Data_Vessel - Eva Vedel","isPartOf":{"@id":"https:\/\/evavedel.com\/#website"},"primaryImageOfPage":{"@id":"https:\/\/evavedel.com\/en\/data_vessel\/#primaryimage"},"image":{"@id":"https:\/\/evavedel.com\/en\/data_vessel\/#primaryimage"},"thumbnailUrl":"https:\/\/evavedel.com\/wp-content\/uploads\/2024\/02\/DSC_3677-1-scaled.jpg","datePublished":"2024-02-01T10:42:45+00:00","dateModified":"2024-10-21T14:18:06+00:00","breadcrumb":{"@id":"https:\/\/evavedel.com\/en\/data_vessel\/#breadcrumb"},"inLanguage":"en-GB","potentialAction":[{"@type":"ReadAction","target":["https:\/\/evavedel.com\/en\/data_vessel\/"]}]},{"@type":"ImageObject","inLanguage":"en-GB","@id":"https:\/\/evavedel.com\/en\/data_vessel\/#primaryimage","url":"https:\/\/evavedel.com\/wp-content\/uploads\/2024\/02\/DSC_3677-1-scaled.jpg","contentUrl":"https:\/\/evavedel.com\/wp-content\/uploads\/2024\/02\/DSC_3677-1-scaled.jpg","width":1919,"height":2560},{"@type":"BreadcrumbList","@id":"https:\/\/evavedel.com\/en\/data_vessel\/#breadcrumb","itemListElement":[{"@type":"ListItem","position":1,"name":"Accueil","item":"https:\/\/evavedel.com\/"},{"@type":"ListItem","position":2,"name":"Data_Vessel"}]},{"@type":"WebSite","@id":"https:\/\/evavedel.com\/#website","url":"https:\/\/evavedel.com\/","name":"Eva Vedel","description":"Designer &amp; artiste","publisher":{"@id":"https:\/\/evavedel.com\/#\/schema\/person\/600e7bbae59c2b0909798bd750172c2d"},"potentialAction":[{"@type":"SearchAction","target":{"@type":"EntryPoint","urlTemplate":"https:\/\/evavedel.com\/?s={search_term_string}"},"query-input":{"@type":"PropertyValueSpecification","valueRequired":true,"valueName":"search_term_string"}}],"inLanguage":"en-GB"},{"@type":["Person","Organization"],"@id":"https:\/\/evavedel.com\/#\/schema\/person\/600e7bbae59c2b0909798bd750172c2d","name":"Eva Vedel","image":{"@type":"ImageObject","inLanguage":"en-GB","@id":"https:\/\/evavedel.com\/#\/schema\/person\/image\/","url":"https:\/\/evavedel.com\/wp-content\/uploads\/2024\/10\/LOGO_Eva-Vedel_2022-2_Plan-de-travail-1-copie.png","contentUrl":"https:\/\/evavedel.com\/wp-content\/uploads\/2024\/10\/LOGO_Eva-Vedel_2022-2_Plan-de-travail-1-copie.png","width":5000,"height":5000,"caption":"Eva Vedel"},"logo":{"@id":"https:\/\/evavedel.com\/#\/schema\/person\/image\/"},"sameAs":["https:\/\/www.instagram.com\/eva.vedel\/?hl=fr","https:\/\/www.linkedin.com\/in\/evavedel\/"],"url":"https:\/\/evavedel.com\/en\/author\/evavedel\/"}]}},"_links":{"self":[{"href":"https:\/\/evavedel.com\/en\/wp-json\/wp\/v2\/posts\/675","targetHints":{"allow":["GET"]}}],"collection":[{"href":"https:\/\/evavedel.com\/en\/wp-json\/wp\/v2\/posts"}],"about":[{"href":"https:\/\/evavedel.com\/en\/wp-json\/wp\/v2\/types\/post"}],"author":[{"embeddable":true,"href":"https:\/\/evavedel.com\/en\/wp-json\/wp\/v2\/users\/2"}],"replies":[{"embeddable":true,"href":"https:\/\/evavedel.com\/en\/wp-json\/wp\/v2\/comments?post=675"}],"version-history":[{"count":1,"href":"https:\/\/evavedel.com\/en\/wp-json\/wp\/v2\/posts\/675\/revisions"}],"predecessor-version":[{"id":683,"href":"https:\/\/evavedel.com\/en\/wp-json\/wp\/v2\/posts\/675\/revisions\/683"}],"wp:featuredmedia":[{"embeddable":true,"href":"https:\/\/evavedel.com\/en\/wp-json\/wp\/v2\/media\/680"}],"wp:attachment":[{"href":"https:\/\/evavedel.com\/en\/wp-json\/wp\/v2\/media?parent=675"}],"wp:term":[{"taxonomy":"category","embeddable":true,"href":"https:\/\/evavedel.com\/en\/wp-json\/wp\/v2\/categories?post=675"},{"taxonomy":"post_tag","embeddable":true,"href":"https:\/\/evavedel.com\/en\/wp-json\/wp\/v2\/tags?post=675"}],"curies":[{"name":"wp","href":"https:\/\/api.w.org\/{rel}","templated":true}]}}