{"id":691,"date":"2024-02-01T12:18:19","date_gmt":"2024-02-01T11:18:19","guid":{"rendered":"https:\/\/evavedel.com\/?p=691"},"modified":"2024-10-21T16:16:47","modified_gmt":"2024-10-21T14:16:47","slug":"europa-2022","status":"publish","type":"post","link":"https:\/\/evavedel.com\/en\/europa-2022\/","title":{"rendered":"Europa 2022"},"content":{"rendered":"<div class=\"wp-block-cover alignfull is-light has-parallax\" style=\"min-height:66vh;aspect-ratio:unset;\"><span aria-hidden=\"true\" class=\"wp-block-cover__background has-background-dim-0 has-background-dim\" style=\"background-color:#e3ddd6\"><\/span><div class=\"wp-block-cover__image-background wp-image-1086 has-parallax\" style=\"background-position:50% 50%;background-image:url(https:\/\/evavedel.com\/wp-content\/uploads\/2024\/02\/@evavedel-scaled.jpg);\"><\/div><div class=\"wp-block-cover__inner-container is-layout-flow wp-block-cover-is-layout-flow\">\n<div class=\"wp-block-group is-layout-constrained wp-container-core-group-is-layout-33d1d030 wp-block-group-is-layout-constrained\">\n<div class=\"wp-block-group is-style-default has-foreground-color has-senary-background-color has-text-color has-background is-layout-flow wp-block-group-is-layout-flow\">\n<h1 class=\"wp-block-heading has-text-align-center\">Une cartographie sonore de l&rsquo;Europe<\/h1>\n\n\n\n<hr class=\"wp-block-separator has-css-opacity\"\/>\n\n\n\n<p class=\"has-text-align-center has-large-font-size\">Du 7 au 10 f\u00e9vrier 2022, dans le cadre de la Pr\u00e9sidence Fran\u00e7aise de l\u2019Union Europ\u00e9enne, le <a href=\"https:\/\/www.grandpalais.fr\/fr\/lieux\/grand-palais-ephemere\">Grand Palais \u00c9ph\u00e9m\u00e8re<\/a> organise l\u2019\u00e9v\u00e9nement&nbsp;<a href=\"https:\/\/www.grandpalais.fr\/fr\/evenement\/eurofabrique\" target=\"_blank\" rel=\"noreferrer noopener\">EuroFabrique<\/a>.&nbsp;&nbsp;Le projet&nbsp;<em>Europa 2022<\/em> est pr\u00e9sent\u00e9.<\/p>\n\n\n\n<div class=\"wp-block-buttons is-horizontal is-content-justification-center is-layout-flex wp-container-core-buttons-is-layout-03627597 wp-block-buttons-is-layout-flex\">\n<div class=\"wp-block-button\"><a class=\"wp-block-button__link has-foreground-color has-primary-background-color has-text-color has-background wp-element-button\" href=\"https:\/\/occ.esadorleans.fr\/europa-2022\/\">Site du projet<\/a><\/div>\n<\/div>\n<\/div>\n<\/div>\n<\/div><\/div>\n\n\n\n<p class=\"has-text-align-center\">Date Projet : 2022<\/p>\n\n\n\n<div style=\"height:23px\" aria-hidden=\"true\" class=\"wp-block-spacer\"><\/div>\n\n\n\n<div class=\"wp-block-group is-layout-flow wp-block-group-is-layout-flow\">\n<h6 class=\"wp-block-heading\">EUROPA 2022 a \u00e9t\u00e9 expos\u00e9<\/h6>\n\n\n\n<figure class=\"wp-block-table is-style-tove-vertical-borders\"><table class=\"has-border-color has-foreground-border-color has-fixed-layout\"><tbody><tr><td><strong><a href=\"https:\/\/www.grandpalais.fr\/fr\/evenement\/eurofabrique\">Eurofabrique, Grand Palais \u00e9ph\u00e9m\u00e8re<\/a><\/strong><\/td><td class=\"has-text-align-right\" data-align=\"right\">fev 2022<\/td><\/tr><tr><td><strong><a href=\"https:\/\/esadorleans.fr\/exposition-titre-a-trouver\/\">Antrepeaux<\/a><\/strong><\/td><td class=\"has-text-align-right\" data-align=\"right\">mai 2022<\/td><\/tr><tr><td><strong><a href=\"https:\/\/www.orleans-metropole.fr\/lagenda\/detail\/evenement\/exposition-jean-bardin-1732-1809-aujourdhui\/5508750?cHash=7956d80325eb0a2d9f932d62cf1c5a79\">Mus\u00e9e des Beaux Art d&rsquo;Orl\u00e9ans<\/a><\/strong><\/td><td class=\"has-text-align-right\" data-align=\"right\">avril &#8211; juin 2023<\/td><\/tr><\/tbody><\/table><\/figure>\n<\/div>\n\n\n\n<div style=\"height:100px\" aria-hidden=\"true\" class=\"wp-block-spacer\"><\/div>\n\n\n\n<div class=\"wp-block-columns alignwide is-layout-flex wp-container-core-columns-is-layout-28f84493 wp-block-columns-is-layout-flex\">\n<div class=\"wp-block-column is-layout-flow wp-block-column-is-layout-flow\">\n<h2 class=\"wp-block-heading\">Une sculpture g\u00e9n\u00e9rative<\/h2>\n\n\n\n<p>Port\u00e9 par le programme de recherche en Art et Design&nbsp;<a href=\"http:\/\/occ.esadorleans.fr\/\" target=\"_blank\" rel=\"noreferrer noopener\">\u201cObjects, Crafts and Computation\u201d<\/a>&nbsp;en dialogue avec la facult\u00e9 de c\u00e9ramique et de verre de la Eugeniusz Geppert Academy of Art and Design in Wroc\u0142aw, le projet Europa 2022 est un dispositif participatif et g\u00e9n\u00e9ratif dessin\u00e9 \u00e0 partir d\u2019une carte linguistique du continent qui int\u00e8gre une collection de sculptures g\u00e9n\u00e9r\u00e9es gr\u00e2ce \u00e0 un processus de physicalisation de donn\u00e9es sonores issues d\u2019enregistrements d\u2019un texte du philosophe tch\u00e8que Jan Pato\u010dka lu dans diff\u00e9rentes langues europ\u00e9ennes :<\/p>\n\n\n\n<p><\/p>\n\n\n\n<blockquote class=\"wp-block-quote is-layout-flow wp-block-quote-is-layout-flow\">\n<p><em>C\u2019est un m\u00eame h\u00e9ritage qui se maintient \u00e0 travers les catastrophes, et c\u2019est pourquoi il me semble qu\u2019on peut se hasarder \u00e0 affirmer que l\u2019Europe \u2013 l\u2019Europe occidentale surtout, mais aussi celle qu\u2019on appelle \u00ab l\u2019autre Europe \u00bb \u2014 est issue du soin de l\u2019\u00e2me. \u03a4\u03b7\u03c2 \u03c8\u03c5\u03c7\u03ae\u03c2 \u03b5\u03c0\u03b9\u03bc\u03b5\u03bb\u03b5\u03af\u03c3\u03b8\u03b1\u03b9, voil\u00e0 le germe dont est n\u00e9 ce qu\u2019a \u00e9t\u00e9 l\u2019Europe<\/em><\/p>\n<cite><em>JAN PATO\u010cKA, PLATON ET L\u2019EUROPE, S\u00c9MINAIRE DE 1973, TRAD. E. ABRAMS,&nbsp;<em>LAGRASSE, VERDIER, 1983, P.99.<\/em><\/em><\/cite><\/blockquote>\n<\/div>\n\n\n\n<div class=\"wp-block-column is-layout-flow wp-block-column-is-layout-flow\">\n<figure class=\"wp-block-image size-large\"><img loading=\"lazy\" decoding=\"async\" width=\"1024\" height=\"1024\" src=\"https:\/\/evavedel.com\/wp-content\/uploads\/2024\/02\/image_2024-02-01_120856719-1024x1024.png\" alt=\"\" class=\"wp-image-692\" srcset=\"https:\/\/evavedel.com\/wp-content\/uploads\/2024\/02\/image_2024-02-01_120856719-1024x1024.png 1024w, https:\/\/evavedel.com\/wp-content\/uploads\/2024\/02\/image_2024-02-01_120856719-300x300.png 300w, https:\/\/evavedel.com\/wp-content\/uploads\/2024\/02\/image_2024-02-01_120856719-150x150.png 150w, https:\/\/evavedel.com\/wp-content\/uploads\/2024\/02\/image_2024-02-01_120856719-768x768.png 768w, https:\/\/evavedel.com\/wp-content\/uploads\/2024\/02\/image_2024-02-01_120856719-12x12.png 12w, https:\/\/evavedel.com\/wp-content\/uploads\/2024\/02\/image_2024-02-01_120856719.png 1080w\" sizes=\"auto, (max-width: 1024px) 100vw, 1024px\" \/><figcaption class=\"wp-element-caption\">Exposition <em>Eurofabrique<\/em>, Grand Palais Eph\u00e9m\u00e8re, Paris, f\u00e9vrier 2022.<\/figcaption><\/figure>\n<\/div>\n<\/div>\n\n\n\n<figure class=\"wp-block-gallery alignwide has-nested-images columns-default is-cropped wp-block-gallery-1 is-layout-flex wp-block-gallery-is-layout-flex\">\n<figure class=\"wp-block-image size-large\"><img loading=\"lazy\" decoding=\"async\" width=\"1024\" height=\"682\" data-id=\"695\" src=\"https:\/\/evavedel.com\/wp-content\/uploads\/2024\/02\/6242a8b4-c32c-4d3c-bb0d-e998d3a93451-1024x682.jpg\" alt=\"\" class=\"wp-image-695\" srcset=\"https:\/\/evavedel.com\/wp-content\/uploads\/2024\/02\/6242a8b4-c32c-4d3c-bb0d-e998d3a93451-1024x682.jpg 1024w, https:\/\/evavedel.com\/wp-content\/uploads\/2024\/02\/6242a8b4-c32c-4d3c-bb0d-e998d3a93451-300x200.jpg 300w, https:\/\/evavedel.com\/wp-content\/uploads\/2024\/02\/6242a8b4-c32c-4d3c-bb0d-e998d3a93451-768x512.jpg 768w, https:\/\/evavedel.com\/wp-content\/uploads\/2024\/02\/6242a8b4-c32c-4d3c-bb0d-e998d3a93451-1536x1023.jpg 1536w, https:\/\/evavedel.com\/wp-content\/uploads\/2024\/02\/6242a8b4-c32c-4d3c-bb0d-e998d3a93451-18x12.jpg 18w, https:\/\/evavedel.com\/wp-content\/uploads\/2024\/02\/6242a8b4-c32c-4d3c-bb0d-e998d3a93451.jpg 1600w\" sizes=\"auto, (max-width: 1024px) 100vw, 1024px\" \/><\/figure>\n\n\n\n<figure class=\"wp-block-image size-large\"><img loading=\"lazy\" decoding=\"async\" width=\"1024\" height=\"576\" data-id=\"694\" src=\"https:\/\/evavedel.com\/wp-content\/uploads\/2024\/02\/cropped-pavillon-scaled-1-edited-1024x576.jpg\" alt=\"\" class=\"wp-image-694\" srcset=\"https:\/\/evavedel.com\/wp-content\/uploads\/2024\/02\/cropped-pavillon-scaled-1-edited-1024x576.jpg 1024w, https:\/\/evavedel.com\/wp-content\/uploads\/2024\/02\/cropped-pavillon-scaled-1-edited-300x169.jpg 300w, https:\/\/evavedel.com\/wp-content\/uploads\/2024\/02\/cropped-pavillon-scaled-1-edited-768x432.jpg 768w, https:\/\/evavedel.com\/wp-content\/uploads\/2024\/02\/cropped-pavillon-scaled-1-edited-18x10.jpg 18w, https:\/\/evavedel.com\/wp-content\/uploads\/2024\/02\/cropped-pavillon-scaled-1-edited.jpg 1440w\" sizes=\"auto, (max-width: 1024px) 100vw, 1024px\" \/><\/figure>\n\n\n\n<figure class=\"wp-block-image size-large\"><img loading=\"lazy\" decoding=\"async\" width=\"1024\" height=\"1024\" data-id=\"696\" src=\"https:\/\/evavedel.com\/wp-content\/uploads\/2024\/02\/DSC0043-1536x1536-1-1024x1024.jpg\" alt=\"\" class=\"wp-image-696\" srcset=\"https:\/\/evavedel.com\/wp-content\/uploads\/2024\/02\/DSC0043-1536x1536-1-1024x1024.jpg 1024w, https:\/\/evavedel.com\/wp-content\/uploads\/2024\/02\/DSC0043-1536x1536-1-300x300.jpg 300w, https:\/\/evavedel.com\/wp-content\/uploads\/2024\/02\/DSC0043-1536x1536-1-150x150.jpg 150w, https:\/\/evavedel.com\/wp-content\/uploads\/2024\/02\/DSC0043-1536x1536-1-768x768.jpg 768w, https:\/\/evavedel.com\/wp-content\/uploads\/2024\/02\/DSC0043-1536x1536-1-12x12.jpg 12w, https:\/\/evavedel.com\/wp-content\/uploads\/2024\/02\/DSC0043-1536x1536-1.jpg 1536w\" sizes=\"auto, (max-width: 1024px) 100vw, 1024px\" \/><\/figure>\n\n\n\n<figure class=\"wp-block-image size-large\"><img loading=\"lazy\" decoding=\"async\" width=\"595\" height=\"1024\" data-id=\"693\" src=\"https:\/\/evavedel.com\/wp-content\/uploads\/2024\/02\/IMG-20220120-WA0006-1-e1643566553948-595x1024.jpg\" alt=\"\" class=\"wp-image-693\" srcset=\"https:\/\/evavedel.com\/wp-content\/uploads\/2024\/02\/IMG-20220120-WA0006-1-e1643566553948-595x1024.jpg 595w, https:\/\/evavedel.com\/wp-content\/uploads\/2024\/02\/IMG-20220120-WA0006-1-e1643566553948-174x300.jpg 174w, https:\/\/evavedel.com\/wp-content\/uploads\/2024\/02\/IMG-20220120-WA0006-1-e1643566553948-768x1323.jpg 768w, https:\/\/evavedel.com\/wp-content\/uploads\/2024\/02\/IMG-20220120-WA0006-1-e1643566553948-892x1536.jpg 892w, https:\/\/evavedel.com\/wp-content\/uploads\/2024\/02\/IMG-20220120-WA0006-1-e1643566553948-7x12.jpg 7w, https:\/\/evavedel.com\/wp-content\/uploads\/2024\/02\/IMG-20220120-WA0006-1-e1643566553948.jpg 897w\" sizes=\"auto, (max-width: 595px) 100vw, 595px\" \/><\/figure>\n\n\n\n<figure class=\"wp-block-image size-large\"><img loading=\"lazy\" decoding=\"async\" width=\"1024\" height=\"684\" data-id=\"698\" src=\"https:\/\/evavedel.com\/wp-content\/uploads\/2024\/02\/eurofabrique-1024x684.jpg\" alt=\"\" class=\"wp-image-698\" srcset=\"https:\/\/evavedel.com\/wp-content\/uploads\/2024\/02\/eurofabrique-1024x684.jpg 1024w, https:\/\/evavedel.com\/wp-content\/uploads\/2024\/02\/eurofabrique-300x200.jpg 300w, https:\/\/evavedel.com\/wp-content\/uploads\/2024\/02\/eurofabrique-768x513.jpg 768w, https:\/\/evavedel.com\/wp-content\/uploads\/2024\/02\/eurofabrique-1536x1026.jpg 1536w, https:\/\/evavedel.com\/wp-content\/uploads\/2024\/02\/eurofabrique-18x12.jpg 18w, https:\/\/evavedel.com\/wp-content\/uploads\/2024\/02\/eurofabrique-1792x1196.jpg 1792w, https:\/\/evavedel.com\/wp-content\/uploads\/2024\/02\/eurofabrique.jpg 2016w\" sizes=\"auto, (max-width: 1024px) 100vw, 1024px\" \/><\/figure>\n\n\n\n<figure class=\"wp-block-image size-large\"><img loading=\"lazy\" decoding=\"async\" width=\"1024\" height=\"1024\" data-id=\"699\" src=\"https:\/\/evavedel.com\/wp-content\/uploads\/2024\/02\/EuroFabrique_Esad_Orleans_Polonais-1024x1024-1.jpeg\" alt=\"\" class=\"wp-image-699\" srcset=\"https:\/\/evavedel.com\/wp-content\/uploads\/2024\/02\/EuroFabrique_Esad_Orleans_Polonais-1024x1024-1.jpeg 1024w, https:\/\/evavedel.com\/wp-content\/uploads\/2024\/02\/EuroFabrique_Esad_Orleans_Polonais-1024x1024-1-300x300.jpeg 300w, https:\/\/evavedel.com\/wp-content\/uploads\/2024\/02\/EuroFabrique_Esad_Orleans_Polonais-1024x1024-1-150x150.jpeg 150w, https:\/\/evavedel.com\/wp-content\/uploads\/2024\/02\/EuroFabrique_Esad_Orleans_Polonais-1024x1024-1-768x768.jpeg 768w, https:\/\/evavedel.com\/wp-content\/uploads\/2024\/02\/EuroFabrique_Esad_Orleans_Polonais-1024x1024-1-12x12.jpeg 12w\" sizes=\"auto, (max-width: 1024px) 100vw, 1024px\" \/><\/figure>\n<\/figure>","protected":false},"excerpt":{"rendered":"<p>Date Projet : 2022 EUROPA 2022 a \u00e9t\u00e9 expos\u00e9 Eurofabrique, Grand Palais \u00e9ph\u00e9m\u00e8re fev 2022 Antrepeaux mai 2022 Mus\u00e9e des Beaux Art d&rsquo;Orl\u00e9ans avril &#8211; juin 2023 Une sculpture g\u00e9n\u00e9rative Port\u00e9 par le programme de recherche en Art et Design&nbsp;\u201cObjects, Crafts and Computation\u201d&nbsp;en dialogue avec la facult\u00e9 de c\u00e9ramique et de verre de la Eugeniusz [&hellip;]<\/p>","protected":false},"author":2,"featured_media":1086,"comment_status":"closed","ping_status":"closed","sticky":false,"template":"wp-custom-template-pages-artiste","format":"standard","meta":{"_themeisle_gutenberg_block_has_review":false,"footnotes":""},"categories":[10,11],"tags":[8,33,26,9,34],"class_list":["post-691","post","type-post","status-publish","format-standard","has-post-thumbnail","hentry","category-expositions","category-projets","tag-ceramique","tag-computationnel","tag-donnee","tag-impresion_3d","tag-numerique"],"yoast_head":"<!-- This site is optimized with the Yoast SEO plugin v24.2 - https:\/\/yoast.com\/wordpress\/plugins\/seo\/ -->\n<title>Europa 2022 - Eva Vedel<\/title>\n<meta name=\"robots\" content=\"index, follow, max-snippet:-1, max-image-preview:large, max-video-preview:-1\" \/>\n<link rel=\"canonical\" href=\"https:\/\/evavedel.com\/en\/europa-2022\/\" \/>\n<meta property=\"og:locale\" content=\"en_GB\" \/>\n<meta property=\"og:type\" content=\"article\" \/>\n<meta property=\"og:title\" content=\"Europa 2022 - Eva Vedel\" \/>\n<meta property=\"og:description\" content=\"Date Projet : 2022 EUROPA 2022 a \u00e9t\u00e9 expos\u00e9 Eurofabrique, Grand Palais \u00e9ph\u00e9m\u00e8re fev 2022 Antrepeaux mai 2022 Mus\u00e9e des Beaux Art d&rsquo;Orl\u00e9ans avril &#8211; juin 2023 Une sculpture g\u00e9n\u00e9rative Port\u00e9 par le programme de recherche en Art et Design&nbsp;\u201cObjects, Crafts and Computation\u201d&nbsp;en dialogue avec la facult\u00e9 de c\u00e9ramique et de verre de la Eugeniusz [&hellip;]\" \/>\n<meta property=\"og:url\" content=\"https:\/\/evavedel.com\/en\/europa-2022\/\" \/>\n<meta property=\"og:site_name\" content=\"Eva Vedel\" \/>\n<meta property=\"article:published_time\" content=\"2024-02-01T11:18:19+00:00\" \/>\n<meta property=\"article:modified_time\" content=\"2024-10-21T14:16:47+00:00\" \/>\n<meta property=\"og:image\" content=\"https:\/\/evavedel.com\/wp-content\/uploads\/2024\/02\/@evavedel-scaled.jpg\" \/>\n\t<meta property=\"og:image:width\" content=\"2560\" \/>\n\t<meta property=\"og:image:height\" content=\"2560\" \/>\n\t<meta property=\"og:image:type\" content=\"image\/jpeg\" \/>\n<meta name=\"author\" content=\"Eva Vedel\" \/>\n<meta name=\"twitter:card\" content=\"summary_large_image\" \/>\n<meta name=\"twitter:label1\" content=\"Written by\" \/>\n\t<meta name=\"twitter:data1\" content=\"Eva Vedel\" \/>\n\t<meta name=\"twitter:label2\" content=\"Estimated reading time\" \/>\n\t<meta name=\"twitter:data2\" content=\"3 minutes\" \/>\n<script type=\"application\/ld+json\" class=\"yoast-schema-graph\">{\"@context\":\"https:\/\/schema.org\",\"@graph\":[{\"@type\":\"Article\",\"@id\":\"https:\/\/evavedel.com\/europa-2022\/#article\",\"isPartOf\":{\"@id\":\"https:\/\/evavedel.com\/europa-2022\/\"},\"author\":{\"name\":\"Eva Vedel\",\"@id\":\"https:\/\/evavedel.com\/#\/schema\/person\/600e7bbae59c2b0909798bd750172c2d\"},\"headline\":\"Europa 2022\",\"datePublished\":\"2024-02-01T11:18:19+00:00\",\"dateModified\":\"2024-10-21T14:16:47+00:00\",\"mainEntityOfPage\":{\"@id\":\"https:\/\/evavedel.com\/europa-2022\/\"},\"wordCount\":267,\"publisher\":{\"@id\":\"https:\/\/evavedel.com\/#\/schema\/person\/600e7bbae59c2b0909798bd750172c2d\"},\"image\":{\"@id\":\"https:\/\/evavedel.com\/europa-2022\/#primaryimage\"},\"thumbnailUrl\":\"https:\/\/evavedel.com\/wp-content\/uploads\/2024\/02\/@evavedel-scaled.jpg\",\"keywords\":[\"C\u00e9ramique\",\"computationnel\",\"donn\u00e9e\",\"Impression 3D\",\"num\u00e9rique\"],\"articleSection\":[\"Expositions\",\"Projets\"],\"inLanguage\":\"en-GB\"},{\"@type\":\"WebPage\",\"@id\":\"https:\/\/evavedel.com\/europa-2022\/\",\"url\":\"https:\/\/evavedel.com\/europa-2022\/\",\"name\":\"Europa 2022 - Eva Vedel\",\"isPartOf\":{\"@id\":\"https:\/\/evavedel.com\/#website\"},\"primaryImageOfPage\":{\"@id\":\"https:\/\/evavedel.com\/europa-2022\/#primaryimage\"},\"image\":{\"@id\":\"https:\/\/evavedel.com\/europa-2022\/#primaryimage\"},\"thumbnailUrl\":\"https:\/\/evavedel.com\/wp-content\/uploads\/2024\/02\/@evavedel-scaled.jpg\",\"datePublished\":\"2024-02-01T11:18:19+00:00\",\"dateModified\":\"2024-10-21T14:16:47+00:00\",\"breadcrumb\":{\"@id\":\"https:\/\/evavedel.com\/europa-2022\/#breadcrumb\"},\"inLanguage\":\"en-GB\",\"potentialAction\":[{\"@type\":\"ReadAction\",\"target\":[\"https:\/\/evavedel.com\/europa-2022\/\"]}]},{\"@type\":\"ImageObject\",\"inLanguage\":\"en-GB\",\"@id\":\"https:\/\/evavedel.com\/europa-2022\/#primaryimage\",\"url\":\"https:\/\/evavedel.com\/wp-content\/uploads\/2024\/02\/@evavedel-scaled.jpg\",\"contentUrl\":\"https:\/\/evavedel.com\/wp-content\/uploads\/2024\/02\/@evavedel-scaled.jpg\",\"width\":2560,\"height\":2560},{\"@type\":\"BreadcrumbList\",\"@id\":\"https:\/\/evavedel.com\/europa-2022\/#breadcrumb\",\"itemListElement\":[{\"@type\":\"ListItem\",\"position\":1,\"name\":\"Accueil\",\"item\":\"https:\/\/evavedel.com\/\"},{\"@type\":\"ListItem\",\"position\":2,\"name\":\"Europa 2022\"}]},{\"@type\":\"WebSite\",\"@id\":\"https:\/\/evavedel.com\/#website\",\"url\":\"https:\/\/evavedel.com\/\",\"name\":\"Eva Vedel\",\"description\":\"Designer &amp; artiste\",\"publisher\":{\"@id\":\"https:\/\/evavedel.com\/#\/schema\/person\/600e7bbae59c2b0909798bd750172c2d\"},\"potentialAction\":[{\"@type\":\"SearchAction\",\"target\":{\"@type\":\"EntryPoint\",\"urlTemplate\":\"https:\/\/evavedel.com\/?s={search_term_string}\"},\"query-input\":{\"@type\":\"PropertyValueSpecification\",\"valueRequired\":true,\"valueName\":\"search_term_string\"}}],\"inLanguage\":\"en-GB\"},{\"@type\":[\"Person\",\"Organization\"],\"@id\":\"https:\/\/evavedel.com\/#\/schema\/person\/600e7bbae59c2b0909798bd750172c2d\",\"name\":\"Eva Vedel\",\"image\":{\"@type\":\"ImageObject\",\"inLanguage\":\"en-GB\",\"@id\":\"https:\/\/evavedel.com\/#\/schema\/person\/image\/\",\"url\":\"https:\/\/evavedel.com\/wp-content\/uploads\/2024\/10\/LOGO_Eva-Vedel_2022-2_Plan-de-travail-1-copie.png\",\"contentUrl\":\"https:\/\/evavedel.com\/wp-content\/uploads\/2024\/10\/LOGO_Eva-Vedel_2022-2_Plan-de-travail-1-copie.png\",\"width\":5000,\"height\":5000,\"caption\":\"Eva Vedel\"},\"logo\":{\"@id\":\"https:\/\/evavedel.com\/#\/schema\/person\/image\/\"},\"sameAs\":[\"https:\/\/www.instagram.com\/eva.vedel\/?hl=fr\",\"https:\/\/www.linkedin.com\/in\/evavedel\/\"],\"url\":\"https:\/\/evavedel.com\/en\/author\/evavedel\/\"}]}<\/script>\n<!-- \/ Yoast SEO plugin. -->","yoast_head_json":{"title":"Europa 2022 - Eva Vedel","robots":{"index":"index","follow":"follow","max-snippet":"max-snippet:-1","max-image-preview":"max-image-preview:large","max-video-preview":"max-video-preview:-1"},"canonical":"https:\/\/evavedel.com\/en\/europa-2022\/","og_locale":"en_GB","og_type":"article","og_title":"Europa 2022 - Eva Vedel","og_description":"Date Projet : 2022 EUROPA 2022 a \u00e9t\u00e9 expos\u00e9 Eurofabrique, Grand Palais \u00e9ph\u00e9m\u00e8re fev 2022 Antrepeaux mai 2022 Mus\u00e9e des Beaux Art d&rsquo;Orl\u00e9ans avril &#8211; juin 2023 Une sculpture g\u00e9n\u00e9rative Port\u00e9 par le programme de recherche en Art et Design&nbsp;\u201cObjects, Crafts and Computation\u201d&nbsp;en dialogue avec la facult\u00e9 de c\u00e9ramique et de verre de la Eugeniusz [&hellip;]","og_url":"https:\/\/evavedel.com\/en\/europa-2022\/","og_site_name":"Eva Vedel","article_published_time":"2024-02-01T11:18:19+00:00","article_modified_time":"2024-10-21T14:16:47+00:00","og_image":[{"width":2560,"height":2560,"url":"https:\/\/evavedel.com\/wp-content\/uploads\/2024\/02\/@evavedel-scaled.jpg","type":"image\/jpeg"}],"author":"Eva Vedel","twitter_card":"summary_large_image","twitter_misc":{"Written by":"Eva Vedel","Estimated reading time":"3 minutes"},"schema":{"@context":"https:\/\/schema.org","@graph":[{"@type":"Article","@id":"https:\/\/evavedel.com\/europa-2022\/#article","isPartOf":{"@id":"https:\/\/evavedel.com\/europa-2022\/"},"author":{"name":"Eva Vedel","@id":"https:\/\/evavedel.com\/#\/schema\/person\/600e7bbae59c2b0909798bd750172c2d"},"headline":"Europa 2022","datePublished":"2024-02-01T11:18:19+00:00","dateModified":"2024-10-21T14:16:47+00:00","mainEntityOfPage":{"@id":"https:\/\/evavedel.com\/europa-2022\/"},"wordCount":267,"publisher":{"@id":"https:\/\/evavedel.com\/#\/schema\/person\/600e7bbae59c2b0909798bd750172c2d"},"image":{"@id":"https:\/\/evavedel.com\/europa-2022\/#primaryimage"},"thumbnailUrl":"https:\/\/evavedel.com\/wp-content\/uploads\/2024\/02\/@evavedel-scaled.jpg","keywords":["C\u00e9ramique","computationnel","donn\u00e9e","Impression 3D","num\u00e9rique"],"articleSection":["Expositions","Projets"],"inLanguage":"en-GB"},{"@type":"WebPage","@id":"https:\/\/evavedel.com\/europa-2022\/","url":"https:\/\/evavedel.com\/europa-2022\/","name":"Europa 2022 - Eva Vedel","isPartOf":{"@id":"https:\/\/evavedel.com\/#website"},"primaryImageOfPage":{"@id":"https:\/\/evavedel.com\/europa-2022\/#primaryimage"},"image":{"@id":"https:\/\/evavedel.com\/europa-2022\/#primaryimage"},"thumbnailUrl":"https:\/\/evavedel.com\/wp-content\/uploads\/2024\/02\/@evavedel-scaled.jpg","datePublished":"2024-02-01T11:18:19+00:00","dateModified":"2024-10-21T14:16:47+00:00","breadcrumb":{"@id":"https:\/\/evavedel.com\/europa-2022\/#breadcrumb"},"inLanguage":"en-GB","potentialAction":[{"@type":"ReadAction","target":["https:\/\/evavedel.com\/europa-2022\/"]}]},{"@type":"ImageObject","inLanguage":"en-GB","@id":"https:\/\/evavedel.com\/europa-2022\/#primaryimage","url":"https:\/\/evavedel.com\/wp-content\/uploads\/2024\/02\/@evavedel-scaled.jpg","contentUrl":"https:\/\/evavedel.com\/wp-content\/uploads\/2024\/02\/@evavedel-scaled.jpg","width":2560,"height":2560},{"@type":"BreadcrumbList","@id":"https:\/\/evavedel.com\/europa-2022\/#breadcrumb","itemListElement":[{"@type":"ListItem","position":1,"name":"Accueil","item":"https:\/\/evavedel.com\/"},{"@type":"ListItem","position":2,"name":"Europa 2022"}]},{"@type":"WebSite","@id":"https:\/\/evavedel.com\/#website","url":"https:\/\/evavedel.com\/","name":"Eva Vedel","description":"Designer &amp; artiste","publisher":{"@id":"https:\/\/evavedel.com\/#\/schema\/person\/600e7bbae59c2b0909798bd750172c2d"},"potentialAction":[{"@type":"SearchAction","target":{"@type":"EntryPoint","urlTemplate":"https:\/\/evavedel.com\/?s={search_term_string}"},"query-input":{"@type":"PropertyValueSpecification","valueRequired":true,"valueName":"search_term_string"}}],"inLanguage":"en-GB"},{"@type":["Person","Organization"],"@id":"https:\/\/evavedel.com\/#\/schema\/person\/600e7bbae59c2b0909798bd750172c2d","name":"Eva Vedel","image":{"@type":"ImageObject","inLanguage":"en-GB","@id":"https:\/\/evavedel.com\/#\/schema\/person\/image\/","url":"https:\/\/evavedel.com\/wp-content\/uploads\/2024\/10\/LOGO_Eva-Vedel_2022-2_Plan-de-travail-1-copie.png","contentUrl":"https:\/\/evavedel.com\/wp-content\/uploads\/2024\/10\/LOGO_Eva-Vedel_2022-2_Plan-de-travail-1-copie.png","width":5000,"height":5000,"caption":"Eva Vedel"},"logo":{"@id":"https:\/\/evavedel.com\/#\/schema\/person\/image\/"},"sameAs":["https:\/\/www.instagram.com\/eva.vedel\/?hl=fr","https:\/\/www.linkedin.com\/in\/evavedel\/"],"url":"https:\/\/evavedel.com\/en\/author\/evavedel\/"}]}},"_links":{"self":[{"href":"https:\/\/evavedel.com\/en\/wp-json\/wp\/v2\/posts\/691","targetHints":{"allow":["GET"]}}],"collection":[{"href":"https:\/\/evavedel.com\/en\/wp-json\/wp\/v2\/posts"}],"about":[{"href":"https:\/\/evavedel.com\/en\/wp-json\/wp\/v2\/types\/post"}],"author":[{"embeddable":true,"href":"https:\/\/evavedel.com\/en\/wp-json\/wp\/v2\/users\/2"}],"replies":[{"embeddable":true,"href":"https:\/\/evavedel.com\/en\/wp-json\/wp\/v2\/comments?post=691"}],"version-history":[{"count":2,"href":"https:\/\/evavedel.com\/en\/wp-json\/wp\/v2\/posts\/691\/revisions"}],"predecessor-version":[{"id":1085,"href":"https:\/\/evavedel.com\/en\/wp-json\/wp\/v2\/posts\/691\/revisions\/1085"}],"wp:featuredmedia":[{"embeddable":true,"href":"https:\/\/evavedel.com\/en\/wp-json\/wp\/v2\/media\/1086"}],"wp:attachment":[{"href":"https:\/\/evavedel.com\/en\/wp-json\/wp\/v2\/media?parent=691"}],"wp:term":[{"taxonomy":"category","embeddable":true,"href":"https:\/\/evavedel.com\/en\/wp-json\/wp\/v2\/categories?post=691"},{"taxonomy":"post_tag","embeddable":true,"href":"https:\/\/evavedel.com\/en\/wp-json\/wp\/v2\/tags?post=691"}],"curies":[{"name":"wp","href":"https:\/\/api.w.org\/{rel}","templated":true}]}}