{"id":701,"date":"2024-02-01T16:01:59","date_gmt":"2024-02-01T15:01:59","guid":{"rendered":"https:\/\/evavedel.com\/?p=701"},"modified":"2024-10-25T13:31:22","modified_gmt":"2024-10-25T11:31:22","slug":"airgeo","status":"publish","type":"post","link":"https:\/\/evavedel.com\/en\/airgeo\/","title":{"rendered":"AirGeo"},"content":{"rendered":"<div class=\"wp-block-cover alignfull has-parallax\" style=\"min-height:66vh;aspect-ratio:unset;\"><span aria-hidden=\"true\" class=\"wp-block-cover__background has-black-background-color has-background-dim-30 has-background-dim\"><\/span><div class=\"wp-block-cover__image-background wp-image-714 has-parallax\" style=\"background-position:50% 50%;background-image:url(https:\/\/evavedel.com\/wp-content\/uploads\/2024\/02\/airgeo2-1.png)\"><\/div><div class=\"wp-block-cover__inner-container is-layout-flow wp-block-cover-is-layout-flow\">\n<div class=\"wp-block-group is-layout-constrained wp-container-core-group-is-layout-33d1d030 wp-block-group-is-layout-constrained\">\n<div class=\"wp-block-group is-style-default has-foreground-color has-senary-background-color has-text-color has-background is-layout-flow wp-block-group-is-layout-flow\">\n<h1 class=\"wp-block-heading has-text-align-center has-white-color has-text-color has-link-color wp-elements-ece0a957998f194fffe955aa2aae371e\">Projet arts-sciences CNRS<\/h1>\n\n\n\n<hr class=\"wp-block-separator has-css-opacity\"\/>\n\n\n\n<p class=\"has-text-align-center has-white-color has-text-color has-link-color has-medium-font-size wp-elements-b51c51b54a61b5fe98149903abcb396e\">De mars \u00e0 juin 2023, j&rsquo;ai travaill\u00e9 au CNRS de Toulouse sur le projet AirGeo. Ma mission \u00e9tait \u00e0 la fronti\u00e8re entre design et m\u00e9diation scientifique pour le <a href=\"https:\/\/airgeo.hypotheses.org\/4434\" target=\"_blank\" rel=\"noreferrer noopener\">festival Noyyindoo<\/a> (S\u00e9n\u00e9gal).<\/p>\n\n\n\n<div class=\"wp-block-buttons is-horizontal is-content-justification-center is-layout-flex wp-container-core-buttons-is-layout-03627597 wp-block-buttons-is-layout-flex\">\n<div class=\"wp-block-button is-style-outline is-style-outline--1\"><a class=\"wp-block-button__link has-white-color has-primary-background-color has-text-color has-background wp-element-button\" href=\"https:\/\/airgeo.hypotheses.org\">Site du projet<\/a><\/div>\n<\/div>\n<\/div>\n<\/div>\n<\/div><\/div>\n\n\n\n<div style=\"height:31px\" aria-hidden=\"true\" class=\"wp-block-spacer\"><\/div>\n\n\n\n<div class=\"wp-block-columns alignwide is-layout-flex wp-container-core-columns-is-layout-28f84493 wp-block-columns-is-layout-flex\">\n<div class=\"wp-block-column is-layout-flow wp-block-column-is-layout-flow\">\n<h2 class=\"wp-block-heading\">Le projet AirGeo : l&rsquo;air, la terre et des \u00e9corces<\/h2>\n\n\n\n<p>Le projet AirGeo est un carnet d&rsquo;enqu\u00eates port\u00e9 par le CNRS, sur le territoire pollu\u00e9 de Sebikotane au S\u00e9n\u00e9gal. Il regroupe des scientifiques, des artistes, des auteurs, des citoyens et des collectivit\u00e9s pour co-construire des solutions pour am\u00e9liorer la qualit\u00e9 de vie des habitants de Sebikotane.<\/p>\n\n\n\n<p>AirGeo est n\u00e9 en 2021, durant deux ann\u00e9es les porteurs du projet ont \u00e9tabli des enqu\u00eates pour recueillir des donn\u00e9es de diff\u00e9rentes natures : donn\u00e9es anthropologues, photographies, mesure de la pollution de l&rsquo;air, des sols&#8230;<\/p>\n<\/div>\n\n\n\n<div class=\"wp-block-column is-layout-flow wp-block-column-is-layout-flow\">\n<figure class=\"wp-block-embed is-type-video is-provider-youtube wp-block-embed-youtube wp-embed-aspect-16-9 wp-has-aspect-ratio\"><div class=\"wp-block-embed__wrapper\">\n<iframe loading=\"lazy\" title=\"AIRGEO\" width=\"500\" height=\"281\" src=\"https:\/\/www.youtube.com\/embed\/xsg8r7PSgNs?feature=oembed\" frameborder=\"0\" allow=\"accelerometer; autoplay; clipboard-write; encrypted-media; gyroscope; picture-in-picture; web-share\" referrerpolicy=\"strict-origin-when-cross-origin\" allowfullscreen><\/iframe>\n<\/div><figcaption class=\"wp-element-caption\">@CNRS, AirGeo, 2021.<\/figcaption><\/figure>\n<\/div>\n<\/div>\n\n\n\n<div class=\"wp-block-group alignfull about-pattern is-style-default has-bg-light-background-color has-background is-layout-constrained wp-block-group-is-layout-constrained\" style=\"margin-top:0;margin-bottom:0;padding-top:var(--wp--preset--spacing--80);padding-bottom:var(--wp--preset--spacing--80)\">\n<div class=\"wp-block-group is-layout-constrained wp-block-group-is-layout-constrained\">\n<div class=\"wp-block-group is-content-justification-center is-nowrap is-layout-flex wp-container-core-group-is-layout-23441af8 wp-block-group-is-layout-flex\">\n<div class=\"wp-block-group has-bg-dark-background-color has-background is-layout-constrained wp-container-core-group-is-layout-c2035ace wp-block-group-is-layout-constrained\" style=\"border-radius:8px;padding-top:4px;padding-right:var(--wp--preset--spacing--50);padding-bottom:4px;padding-left:var(--wp--preset--spacing--50)\">\n<h6 class=\"wp-block-heading has-text-align-center highlighter has-white-color has-text-color has-link-color has-normal-font-size wp-elements-8a2e6ce3eb2d0f0976febed83be99908\" style=\"padding-top:var(--wp--preset--spacing--30);padding-bottom:var(--wp--preset--spacing--30);font-style:normal;font-weight:500\">mon r\u00f4le<\/h6>\n<\/div>\n<\/div>\n\n\n\n<p class=\"has-text-align-center has-medium-large-font-size\">L&rsquo;\u00e9quipe d&rsquo;AirG\u00e9o est compos\u00e9e de scientifiques, g\u00e9ologues, anthropologues, sociologues, artistes et \u00e9crivains.<\/p>\n\n\n\n<div style=\"height:40px\" aria-hidden=\"true\" class=\"wp-block-spacer\"><\/div>\n\n\n\n<h2 class=\"wp-block-heading has-text-align-center has-pwp-huge-font-size\">Mon enjeux est de <span style=\"text-decoration: underline;\">traduire les donn\u00e9es<\/span> recueillies par des objets et des images.<\/h2>\n\n\n\n<div style=\"height:80px\" aria-hidden=\"true\" class=\"wp-block-spacer\"><\/div>\n\n\n\n<p class=\"has-text-align-center\">Les donn\u00e9es recueillies par les chercheurs sont tr\u00e8s riches et diverses, la mission est d&rsquo;informer les habitants de S\u00e9bikotane des sources et cons\u00e9quences de la pollution.<\/p>\n<\/div>\n<\/div>\n\n\n\n<h2 id=\"wp-block-themeisle-blocks-advanced-heading-a41e1157\" class=\"wp-block-themeisle-blocks-advanced-heading wp-block-themeisle-blocks-advanced-heading-a41e1157\">3 missions <\/h2>\n\n\n\n<div id=\"wp-block-themeisle-blocks-advanced-columns-dfd643f3\" class=\"wp-block-themeisle-blocks-advanced-columns alignfull has-3-columns has-desktop-equal-layout has-tablet-equal-layout has-mobile-collapsedRows-layout has-reverse-columns-mobile has-vertical-center ticss-c00aadba\"><div class=\"wp-block-themeisle-blocks-advanced-columns-overlay\"><\/div><div class=\"innerblocks-wrap\">\n<div id=\"wp-block-themeisle-blocks-advanced-column-127ec10e\" class=\"wp-block-themeisle-blocks-advanced-column\">\n<div class=\"wp-block-cover\"><span aria-hidden=\"true\" class=\"wp-block-cover__background has-bg-dark-background-color has-background-dim\"><\/span><img loading=\"lazy\" decoding=\"async\" width=\"2048\" height=\"1536\" class=\"wp-block-cover__image-background wp-image-705\" alt=\"\" src=\"http:\/\/evavedel.com\/wp-content\/uploads\/2024\/02\/IMG_9977-1.jpeg\" data-object-fit=\"cover\" srcset=\"https:\/\/evavedel.com\/wp-content\/uploads\/2024\/02\/IMG_9977-1.jpeg 2048w, https:\/\/evavedel.com\/wp-content\/uploads\/2024\/02\/IMG_9977-1-300x225.jpeg 300w, https:\/\/evavedel.com\/wp-content\/uploads\/2024\/02\/IMG_9977-1-1024x768.jpeg 1024w, https:\/\/evavedel.com\/wp-content\/uploads\/2024\/02\/IMG_9977-1-768x576.jpeg 768w, https:\/\/evavedel.com\/wp-content\/uploads\/2024\/02\/IMG_9977-1-1536x1152.jpeg 1536w, https:\/\/evavedel.com\/wp-content\/uploads\/2024\/02\/IMG_9977-1-16x12.jpeg 16w, https:\/\/evavedel.com\/wp-content\/uploads\/2024\/02\/IMG_9977-1-1792x1344.jpeg 1792w\" sizes=\"auto, (max-width: 2048px) 100vw, 2048px\" \/><div class=\"wp-block-cover__inner-container is-layout-flow wp-block-cover-is-layout-flow\">\n<h2 class=\"wp-block-heading has-text-align-center has-white-color has-text-color\" id=\"people\">Sc\u00e9nographie<\/h2>\n\n\n\n<p class=\"has-text-align-center has-white-color has-text-color has-link-color has-small-font-size wp-elements-807a794e127c682eb1eba9110e403ccd\"><strong>Cr\u00e9er un r\u00e9cit pour raconter le projet. Co-cr\u00e9ation d&rsquo;une charte graphique avec Anna Diop.<\/strong><\/p>\n<\/div><\/div>\n<\/div>\n\n\n\n<div id=\"wp-block-themeisle-blocks-advanced-column-eefb8312\" class=\"wp-block-themeisle-blocks-advanced-column\">\n<div class=\"wp-block-cover is-light\"><span aria-hidden=\"true\" class=\"wp-block-cover__background has-bg-dark-background-color has-background-dim\"><\/span><img decoding=\"async\" class=\"wp-block-cover__image-background wp-image-710\" alt=\"\" src=\"http:\/\/evavedel.com\/wp-content\/uploads\/2024\/02\/airgeo3.jpg\" data-object-fit=\"cover\"\/><div class=\"wp-block-cover__inner-container is-layout-flow wp-block-cover-is-layout-flow\">\n<h2 class=\"wp-block-heading has-text-align-center has-white-color has-text-color\" id=\"buildings\">Data visualisation<\/h2>\n\n\n\n<p class=\"has-text-align-center has-white-color has-text-color has-link-color has-small-font-size wp-elements-3f1a13df1e52615bcddc424734c9aaa9\"><strong>Traduire les donn\u00e9es scientifiques recueillies par des images. <\/strong><\/p>\n<\/div><\/div>\n<\/div>\n\n\n\n<div id=\"wp-block-themeisle-blocks-advanced-column-9136d16a\" class=\"wp-block-themeisle-blocks-advanced-column\">\n<div class=\"wp-block-cover\"><span aria-hidden=\"true\" class=\"wp-block-cover__background has-black-background-color has-background-dim\"><\/span><img loading=\"lazy\" decoding=\"async\" width=\"1536\" height=\"2048\" class=\"wp-block-cover__image-background wp-image-706\" alt=\"\" src=\"http:\/\/evavedel.com\/wp-content\/uploads\/2024\/02\/IMG_6777-1.jpeg\" data-object-fit=\"cover\" srcset=\"https:\/\/evavedel.com\/wp-content\/uploads\/2024\/02\/IMG_6777-1.jpeg 1536w, https:\/\/evavedel.com\/wp-content\/uploads\/2024\/02\/IMG_6777-1-225x300.jpeg 225w, https:\/\/evavedel.com\/wp-content\/uploads\/2024\/02\/IMG_6777-1-768x1024.jpeg 768w, https:\/\/evavedel.com\/wp-content\/uploads\/2024\/02\/IMG_6777-1-1152x1536.jpeg 1152w, https:\/\/evavedel.com\/wp-content\/uploads\/2024\/02\/IMG_6777-1-9x12.jpeg 9w\" sizes=\"auto, (max-width: 1536px) 100vw, 1536px\" \/><div class=\"wp-block-cover__inner-container is-layout-flow wp-block-cover-is-layout-flow\">\n<h2 class=\"wp-block-heading has-text-align-center has-white-color has-text-color\" id=\"nature\">Data physicalisation<\/h2>\n\n\n\n<p class=\"has-text-align-center has-white-color has-text-color has-link-color has-small-font-size wp-elements-c476ac913af3e7024278471510ded4f8\"><strong>Cr\u00e9er du d\u00e9bat citoyen et trouver des solution ensemble sur l&rsquo;am\u00e9nagement du territoire.<\/strong><\/p>\n<\/div><\/div>\n<\/div>\n<\/div><\/div>\n\n\n\n<div class=\"wp-block-columns alignwide is-layout-flex wp-container-core-columns-is-layout-28f84493 wp-block-columns-is-layout-flex\">\n<div class=\"wp-block-column is-layout-flow wp-block-column-is-layout-flow\">\n<figure class=\"wp-block-video\"><video height=\"1920\" style=\"aspect-ratio: 1078 \/ 1920;\" width=\"1078\" controls src=\"https:\/\/evavedel.com\/wp-content\/uploads\/2024\/02\/Resume_Noyyindoo.mp4\"><\/video><figcaption class=\"wp-element-caption\">Les images que j&rsquo;ai film\u00e9 durant ma mission, Sebikotane, S\u00e9n\u00e9gal, 2023.<\/figcaption><\/figure>\n<\/div>\n\n\n\n<div class=\"wp-block-column is-layout-flow wp-block-column-is-layout-flow\">\n<h2 class=\"wp-block-heading\">Ma mission : mettre en espace les donn\u00e9es du projet<\/h2>\n\n\n\n<h3 class=\"wp-block-heading has-extra-large-font-size\">L&rsquo;enjeu de mon travail de design<\/h3>\n\n\n\n<p>La demande initiale du CNRS \u00e9tait de physicaliser les donn\u00e9es de diff\u00e9rentes natures (scientifiques, sociales, anthropologiques) pour qu&rsquo;elles soient compr\u00e9hensibles pour tous visuellement. <\/p>\n\n\n\n<p>Ma dead line : le festival NOYYINDOO qui s&rsquo;est tenu en juin 2023, point d&rsquo;\u00e9tape pr\u00e9sentant les r\u00e9sultats des travaux de recherche.<\/p>\n\n\n\n<h3 class=\"wp-block-heading has-extra-large-font-size\">Du design global<\/h3>\n\n\n\n<p>Afin de pr\u00e9parer le festival NOYYINDOO, j&rsquo;ai pris en charge diff\u00e9rents points :<\/p>\n\n\n\n<ul class=\"wp-block-list\">\n<li>La sc\u00e9nographie<\/li>\n\n\n\n<li>Le graphisme : data visualisation<\/li>\n\n\n\n<li>Le design et la fabrication d&rsquo;objets interactifs<\/li>\n<\/ul>\n<\/div>\n<\/div>\n\n\n\n<div class=\"wp-block-columns alignwide is-layout-flex wp-container-core-columns-is-layout-28f84493 wp-block-columns-is-layout-flex\">\n<div class=\"wp-block-column is-layout-flow wp-block-column-is-layout-flow\">\n<h2 class=\"wp-block-heading\">NOYYINDOO, la restitution du travail collectif<\/h2>\n\n\n\n<p>Avec l&rsquo;\u00e9quipe du CNRS, nous sommes parti 1 semaine \u00e0 Sebikotane au S\u00e9n\u00e9gal, pour mettre en place et animer le festival NOYYINDOO. Nous avons retrouv\u00e9 toutes l&rsquo;\u00e9quipe d&rsquo;AirGeo.<\/p>\n\n\n\n<h3 class=\"wp-block-heading has-extra-large-font-size\">Au programme<\/h3>\n\n\n\n<ul class=\"wp-block-list\">\n<li><strong>Exposition au Centre Tadjabone<\/strong><br>M\u00e9diation scientifique aupr\u00e8s du public appuy\u00e9e par les data visualisations et les objets interactifs.<\/li>\n\n\n\n<li><strong>Exposition itin\u00e9rante dans les quartiers de Sebikotane<\/strong><br>Nous avons anim\u00e9s 4 conseils de quartier o\u00f9 une partie de l&rsquo;exposition \u00e9tait pr\u00e9sent\u00e9e, ainsi qu&rsquo;un d\u00e9bat et une pi\u00e8ce de th\u00e9\u00e2tre.<\/li>\n\n\n\n<li><strong>Des ateliers de participation citoyenne<\/strong><br>Ateliers anim\u00e9s par les porteurs du projet.<\/li>\n<\/ul>\n\n\n\n<h3 class=\"wp-block-heading has-extra-large-font-size\">Ma mission sur place<\/h3>\n\n\n\n<ul class=\"wp-block-list\">\n<li>Mettre en place la sc\u00e9nographie : objets, affiches, structures.<\/li>\n\n\n\n<li>Documenter : photos, vid\u00e9os, dessins.<\/li>\n\n\n\n<li>Finaliser des \u00e9l\u00e9ments de communication : animation et \u00e9l\u00e9ments graphiques.<\/li>\n\n\n\n<li>M\u00e9diation scientifique.<\/li>\n<\/ul>\n<\/div>\n\n\n\n<div class=\"wp-block-column is-layout-flow wp-block-column-is-layout-flow\">\n<figure class=\"wp-block-image size-large\"><img loading=\"lazy\" decoding=\"async\" width=\"768\" height=\"1024\" src=\"https:\/\/evavedel.com\/wp-content\/uploads\/2024\/02\/IMG_6744-768x1024.jpeg\" alt=\"\" class=\"wp-image-707\" style=\"object-fit:cover\" srcset=\"https:\/\/evavedel.com\/wp-content\/uploads\/2024\/02\/IMG_6744-768x1024.jpeg 768w, https:\/\/evavedel.com\/wp-content\/uploads\/2024\/02\/IMG_6744-225x300.jpeg 225w, https:\/\/evavedel.com\/wp-content\/uploads\/2024\/02\/IMG_6744-1152x1536.jpeg 1152w, https:\/\/evavedel.com\/wp-content\/uploads\/2024\/02\/IMG_6744-9x12.jpeg 9w, https:\/\/evavedel.com\/wp-content\/uploads\/2024\/02\/IMG_6744.jpeg 1536w\" sizes=\"auto, (max-width: 768px) 100vw, 768px\" \/><figcaption class=\"wp-element-caption\">Conseil de quartier festival NOYYINDOO, Sebikotane, S\u00e9n\u00e9gal, 2023.<\/figcaption><\/figure>\n<\/div>\n<\/div>\n\n\n\n<div class=\"wp-block-columns alignwide is-layout-flex wp-container-core-columns-is-layout-28f84493 wp-block-columns-is-layout-flex\">\n<div class=\"wp-block-column is-layout-flow wp-block-column-is-layout-flow\">\n<figure class=\"wp-block-video\"><video height=\"1920\" style=\"aspect-ratio: 1078 \/ 1920;\" width=\"1078\" controls src=\"https:\/\/evavedel.com\/wp-content\/uploads\/2024\/02\/Equipe_Noyyindoo.mp4\"><\/video><figcaption class=\"wp-element-caption\">L&rsquo;\u00e9quipe AirGeo, Sebikotane, S\u00e9n\u00e9gal, 2023.<\/figcaption><\/figure>\n<\/div>\n\n\n\n<div class=\"wp-block-column is-layout-flow wp-block-column-is-layout-flow\">\n<div class=\"wp-block-group alignwide is-style-tove-shaded has-senary-background-color has-background is-layout-flow wp-block-group-is-layout-flow\">\n<div class=\"wp-block-group is-layout-constrained wp-block-group-is-layout-constrained\">\n<h2 class=\"wp-block-heading has-text-align-center\">Merci !<\/h2>\n\n\n\n<p class=\"has-text-align-center\">Pour r\u00e9sumer cette mission : de belles rencontres.<\/p>\n\n\n\n<div class=\"wp-block-buttons is-horizontal is-content-justification-center is-layout-flex wp-container-core-buttons-is-layout-03627597 wp-block-buttons-is-layout-flex\">\n<div class=\"wp-block-button is-style-fill\"><a class=\"wp-block-button__link wp-element-button\" href=\"https:\/\/airgeo.hypotheses.org\/category\/participant\u00b7e\u00b7s\">D\u00e9couvrez l&rsquo;\u00e9quipe<\/a><\/div>\n<\/div>\n<\/div>\n<\/div>\n<\/div>\n<\/div>","protected":false},"excerpt":{"rendered":"<p>Le projet AirGeo : l&rsquo;air, la terre et des \u00e9corces Le projet AirGeo est un carnet d&rsquo;enqu\u00eates port\u00e9 par le CNRS, sur le territoire pollu\u00e9 de Sebikotane au S\u00e9n\u00e9gal. Il regroupe des scientifiques, des artistes, des auteurs, des citoyens et des collectivit\u00e9s pour co-construire des solutions pour am\u00e9liorer la qualit\u00e9 de vie des habitants de [&hellip;]<\/p>","protected":false},"author":2,"featured_media":702,"comment_status":"closed","ping_status":"closed","sticky":false,"template":"wp-custom-template-pages-artiste","format":"standard","meta":{"_themeisle_gutenberg_block_has_review":false,"footnotes":""},"categories":[10,11],"tags":[],"class_list":["post-701","post","type-post","status-publish","format-standard","has-post-thumbnail","hentry","category-expositions","category-projets"],"yoast_head":"<!-- This site is optimized with the Yoast SEO plugin v24.2 - https:\/\/yoast.com\/wordpress\/plugins\/seo\/ -->\n<title>AirGeo - Eva Vedel<\/title>\n<meta name=\"robots\" content=\"index, follow, max-snippet:-1, max-image-preview:large, max-video-preview:-1\" \/>\n<link rel=\"canonical\" href=\"https:\/\/evavedel.com\/en\/airgeo\/\" \/>\n<meta property=\"og:locale\" content=\"en_GB\" \/>\n<meta property=\"og:type\" content=\"article\" \/>\n<meta property=\"og:title\" content=\"AirGeo - Eva Vedel\" \/>\n<meta property=\"og:description\" content=\"Le projet AirGeo : l&rsquo;air, la terre et des \u00e9corces Le projet AirGeo est un carnet d&rsquo;enqu\u00eates port\u00e9 par le CNRS, sur le territoire pollu\u00e9 de Sebikotane au S\u00e9n\u00e9gal. Il regroupe des scientifiques, des artistes, des auteurs, des citoyens et des collectivit\u00e9s pour co-construire des solutions pour am\u00e9liorer la qualit\u00e9 de vie des habitants de [&hellip;]\" \/>\n<meta property=\"og:url\" content=\"https:\/\/evavedel.com\/en\/airgeo\/\" \/>\n<meta property=\"og:site_name\" content=\"Eva Vedel\" \/>\n<meta property=\"article:published_time\" content=\"2024-02-01T15:01:59+00:00\" \/>\n<meta property=\"article:modified_time\" content=\"2024-10-25T11:31:22+00:00\" \/>\n<meta property=\"og:image\" content=\"https:\/\/evavedel.com\/wp-content\/uploads\/2024\/02\/IMG_6777.jpeg\" \/>\n\t<meta property=\"og:image:width\" content=\"1536\" \/>\n\t<meta property=\"og:image:height\" content=\"2048\" \/>\n\t<meta property=\"og:image:type\" content=\"image\/jpeg\" \/>\n<meta name=\"author\" content=\"Eva Vedel\" \/>\n<meta name=\"twitter:card\" content=\"summary_large_image\" \/>\n<meta name=\"twitter:label1\" content=\"Written by\" \/>\n\t<meta name=\"twitter:data1\" content=\"Eva Vedel\" \/>\n\t<meta name=\"twitter:label2\" content=\"Estimated reading time\" \/>\n\t<meta name=\"twitter:data2\" content=\"4 minutes\" \/>\n<script type=\"application\/ld+json\" class=\"yoast-schema-graph\">{\"@context\":\"https:\/\/schema.org\",\"@graph\":[{\"@type\":\"Article\",\"@id\":\"https:\/\/evavedel.com\/en\/airgeo\/#article\",\"isPartOf\":{\"@id\":\"https:\/\/evavedel.com\/en\/airgeo\/\"},\"author\":{\"name\":\"Eva Vedel\",\"@id\":\"https:\/\/evavedel.com\/#\/schema\/person\/600e7bbae59c2b0909798bd750172c2d\"},\"headline\":\"AirGeo\",\"datePublished\":\"2024-02-01T15:01:59+00:00\",\"dateModified\":\"2024-10-25T11:31:22+00:00\",\"mainEntityOfPage\":{\"@id\":\"https:\/\/evavedel.com\/en\/airgeo\/\"},\"wordCount\":551,\"publisher\":{\"@id\":\"https:\/\/evavedel.com\/#\/schema\/person\/600e7bbae59c2b0909798bd750172c2d\"},\"image\":{\"@id\":\"https:\/\/evavedel.com\/en\/airgeo\/#primaryimage\"},\"thumbnailUrl\":\"https:\/\/evavedel.com\/wp-content\/uploads\/2024\/02\/IMG_6777.jpeg\",\"articleSection\":[\"Expositions\",\"Projets\"],\"inLanguage\":\"en-GB\"},{\"@type\":\"WebPage\",\"@id\":\"https:\/\/evavedel.com\/en\/airgeo\/\",\"url\":\"https:\/\/evavedel.com\/en\/airgeo\/\",\"name\":\"AirGeo - Eva Vedel\",\"isPartOf\":{\"@id\":\"https:\/\/evavedel.com\/#website\"},\"primaryImageOfPage\":{\"@id\":\"https:\/\/evavedel.com\/en\/airgeo\/#primaryimage\"},\"image\":{\"@id\":\"https:\/\/evavedel.com\/en\/airgeo\/#primaryimage\"},\"thumbnailUrl\":\"https:\/\/evavedel.com\/wp-content\/uploads\/2024\/02\/IMG_6777.jpeg\",\"datePublished\":\"2024-02-01T15:01:59+00:00\",\"dateModified\":\"2024-10-25T11:31:22+00:00\",\"breadcrumb\":{\"@id\":\"https:\/\/evavedel.com\/en\/airgeo\/#breadcrumb\"},\"inLanguage\":\"en-GB\",\"potentialAction\":[{\"@type\":\"ReadAction\",\"target\":[\"https:\/\/evavedel.com\/en\/airgeo\/\"]}]},{\"@type\":\"ImageObject\",\"inLanguage\":\"en-GB\",\"@id\":\"https:\/\/evavedel.com\/en\/airgeo\/#primaryimage\",\"url\":\"https:\/\/evavedel.com\/wp-content\/uploads\/2024\/02\/IMG_6777.jpeg\",\"contentUrl\":\"https:\/\/evavedel.com\/wp-content\/uploads\/2024\/02\/IMG_6777.jpeg\",\"width\":1536,\"height\":2048},{\"@type\":\"BreadcrumbList\",\"@id\":\"https:\/\/evavedel.com\/en\/airgeo\/#breadcrumb\",\"itemListElement\":[{\"@type\":\"ListItem\",\"position\":1,\"name\":\"Accueil\",\"item\":\"https:\/\/evavedel.com\/\"},{\"@type\":\"ListItem\",\"position\":2,\"name\":\"AirGeo\"}]},{\"@type\":\"WebSite\",\"@id\":\"https:\/\/evavedel.com\/#website\",\"url\":\"https:\/\/evavedel.com\/\",\"name\":\"Eva Vedel\",\"description\":\"Designer &amp; artiste\",\"publisher\":{\"@id\":\"https:\/\/evavedel.com\/#\/schema\/person\/600e7bbae59c2b0909798bd750172c2d\"},\"potentialAction\":[{\"@type\":\"SearchAction\",\"target\":{\"@type\":\"EntryPoint\",\"urlTemplate\":\"https:\/\/evavedel.com\/?s={search_term_string}\"},\"query-input\":{\"@type\":\"PropertyValueSpecification\",\"valueRequired\":true,\"valueName\":\"search_term_string\"}}],\"inLanguage\":\"en-GB\"},{\"@type\":[\"Person\",\"Organization\"],\"@id\":\"https:\/\/evavedel.com\/#\/schema\/person\/600e7bbae59c2b0909798bd750172c2d\",\"name\":\"Eva Vedel\",\"image\":{\"@type\":\"ImageObject\",\"inLanguage\":\"en-GB\",\"@id\":\"https:\/\/evavedel.com\/#\/schema\/person\/image\/\",\"url\":\"https:\/\/evavedel.com\/wp-content\/uploads\/2024\/10\/LOGO_Eva-Vedel_2022-2_Plan-de-travail-1-copie.png\",\"contentUrl\":\"https:\/\/evavedel.com\/wp-content\/uploads\/2024\/10\/LOGO_Eva-Vedel_2022-2_Plan-de-travail-1-copie.png\",\"width\":5000,\"height\":5000,\"caption\":\"Eva Vedel\"},\"logo\":{\"@id\":\"https:\/\/evavedel.com\/#\/schema\/person\/image\/\"},\"sameAs\":[\"https:\/\/www.instagram.com\/eva.vedel\/?hl=fr\",\"https:\/\/www.linkedin.com\/in\/evavedel\/\"],\"url\":\"https:\/\/evavedel.com\/en\/author\/evavedel\/\"}]}<\/script>\n<!-- \/ Yoast SEO plugin. -->","yoast_head_json":{"title":"AirGeo - Eva Vedel","robots":{"index":"index","follow":"follow","max-snippet":"max-snippet:-1","max-image-preview":"max-image-preview:large","max-video-preview":"max-video-preview:-1"},"canonical":"https:\/\/evavedel.com\/en\/airgeo\/","og_locale":"en_GB","og_type":"article","og_title":"AirGeo - Eva Vedel","og_description":"Le projet AirGeo : l&rsquo;air, la terre et des \u00e9corces Le projet AirGeo est un carnet d&rsquo;enqu\u00eates port\u00e9 par le CNRS, sur le territoire pollu\u00e9 de Sebikotane au S\u00e9n\u00e9gal. Il regroupe des scientifiques, des artistes, des auteurs, des citoyens et des collectivit\u00e9s pour co-construire des solutions pour am\u00e9liorer la qualit\u00e9 de vie des habitants de [&hellip;]","og_url":"https:\/\/evavedel.com\/en\/airgeo\/","og_site_name":"Eva Vedel","article_published_time":"2024-02-01T15:01:59+00:00","article_modified_time":"2024-10-25T11:31:22+00:00","og_image":[{"width":1536,"height":2048,"url":"https:\/\/evavedel.com\/wp-content\/uploads\/2024\/02\/IMG_6777.jpeg","type":"image\/jpeg"}],"author":"Eva Vedel","twitter_card":"summary_large_image","twitter_misc":{"Written by":"Eva Vedel","Estimated reading time":"4 minutes"},"schema":{"@context":"https:\/\/schema.org","@graph":[{"@type":"Article","@id":"https:\/\/evavedel.com\/en\/airgeo\/#article","isPartOf":{"@id":"https:\/\/evavedel.com\/en\/airgeo\/"},"author":{"name":"Eva Vedel","@id":"https:\/\/evavedel.com\/#\/schema\/person\/600e7bbae59c2b0909798bd750172c2d"},"headline":"AirGeo","datePublished":"2024-02-01T15:01:59+00:00","dateModified":"2024-10-25T11:31:22+00:00","mainEntityOfPage":{"@id":"https:\/\/evavedel.com\/en\/airgeo\/"},"wordCount":551,"publisher":{"@id":"https:\/\/evavedel.com\/#\/schema\/person\/600e7bbae59c2b0909798bd750172c2d"},"image":{"@id":"https:\/\/evavedel.com\/en\/airgeo\/#primaryimage"},"thumbnailUrl":"https:\/\/evavedel.com\/wp-content\/uploads\/2024\/02\/IMG_6777.jpeg","articleSection":["Expositions","Projets"],"inLanguage":"en-GB"},{"@type":"WebPage","@id":"https:\/\/evavedel.com\/en\/airgeo\/","url":"https:\/\/evavedel.com\/en\/airgeo\/","name":"AirGeo - Eva Vedel","isPartOf":{"@id":"https:\/\/evavedel.com\/#website"},"primaryImageOfPage":{"@id":"https:\/\/evavedel.com\/en\/airgeo\/#primaryimage"},"image":{"@id":"https:\/\/evavedel.com\/en\/airgeo\/#primaryimage"},"thumbnailUrl":"https:\/\/evavedel.com\/wp-content\/uploads\/2024\/02\/IMG_6777.jpeg","datePublished":"2024-02-01T15:01:59+00:00","dateModified":"2024-10-25T11:31:22+00:00","breadcrumb":{"@id":"https:\/\/evavedel.com\/en\/airgeo\/#breadcrumb"},"inLanguage":"en-GB","potentialAction":[{"@type":"ReadAction","target":["https:\/\/evavedel.com\/en\/airgeo\/"]}]},{"@type":"ImageObject","inLanguage":"en-GB","@id":"https:\/\/evavedel.com\/en\/airgeo\/#primaryimage","url":"https:\/\/evavedel.com\/wp-content\/uploads\/2024\/02\/IMG_6777.jpeg","contentUrl":"https:\/\/evavedel.com\/wp-content\/uploads\/2024\/02\/IMG_6777.jpeg","width":1536,"height":2048},{"@type":"BreadcrumbList","@id":"https:\/\/evavedel.com\/en\/airgeo\/#breadcrumb","itemListElement":[{"@type":"ListItem","position":1,"name":"Accueil","item":"https:\/\/evavedel.com\/"},{"@type":"ListItem","position":2,"name":"AirGeo"}]},{"@type":"WebSite","@id":"https:\/\/evavedel.com\/#website","url":"https:\/\/evavedel.com\/","name":"Eva Vedel","description":"Designer &amp; artiste","publisher":{"@id":"https:\/\/evavedel.com\/#\/schema\/person\/600e7bbae59c2b0909798bd750172c2d"},"potentialAction":[{"@type":"SearchAction","target":{"@type":"EntryPoint","urlTemplate":"https:\/\/evavedel.com\/?s={search_term_string}"},"query-input":{"@type":"PropertyValueSpecification","valueRequired":true,"valueName":"search_term_string"}}],"inLanguage":"en-GB"},{"@type":["Person","Organization"],"@id":"https:\/\/evavedel.com\/#\/schema\/person\/600e7bbae59c2b0909798bd750172c2d","name":"Eva Vedel","image":{"@type":"ImageObject","inLanguage":"en-GB","@id":"https:\/\/evavedel.com\/#\/schema\/person\/image\/","url":"https:\/\/evavedel.com\/wp-content\/uploads\/2024\/10\/LOGO_Eva-Vedel_2022-2_Plan-de-travail-1-copie.png","contentUrl":"https:\/\/evavedel.com\/wp-content\/uploads\/2024\/10\/LOGO_Eva-Vedel_2022-2_Plan-de-travail-1-copie.png","width":5000,"height":5000,"caption":"Eva Vedel"},"logo":{"@id":"https:\/\/evavedel.com\/#\/schema\/person\/image\/"},"sameAs":["https:\/\/www.instagram.com\/eva.vedel\/?hl=fr","https:\/\/www.linkedin.com\/in\/evavedel\/"],"url":"https:\/\/evavedel.com\/en\/author\/evavedel\/"}]}},"_links":{"self":[{"href":"https:\/\/evavedel.com\/en\/wp-json\/wp\/v2\/posts\/701","targetHints":{"allow":["GET"]}}],"collection":[{"href":"https:\/\/evavedel.com\/en\/wp-json\/wp\/v2\/posts"}],"about":[{"href":"https:\/\/evavedel.com\/en\/wp-json\/wp\/v2\/types\/post"}],"author":[{"embeddable":true,"href":"https:\/\/evavedel.com\/en\/wp-json\/wp\/v2\/users\/2"}],"replies":[{"embeddable":true,"href":"https:\/\/evavedel.com\/en\/wp-json\/wp\/v2\/comments?post=701"}],"version-history":[{"count":15,"href":"https:\/\/evavedel.com\/en\/wp-json\/wp\/v2\/posts\/701\/revisions"}],"predecessor-version":[{"id":1320,"href":"https:\/\/evavedel.com\/en\/wp-json\/wp\/v2\/posts\/701\/revisions\/1320"}],"wp:featuredmedia":[{"embeddable":true,"href":"https:\/\/evavedel.com\/en\/wp-json\/wp\/v2\/media\/702"}],"wp:attachment":[{"href":"https:\/\/evavedel.com\/en\/wp-json\/wp\/v2\/media?parent=701"}],"wp:term":[{"taxonomy":"category","embeddable":true,"href":"https:\/\/evavedel.com\/en\/wp-json\/wp\/v2\/categories?post=701"},{"taxonomy":"post_tag","embeddable":true,"href":"https:\/\/evavedel.com\/en\/wp-json\/wp\/v2\/tags?post=701"}],"curies":[{"name":"wp","href":"https:\/\/api.w.org\/{rel}","templated":true}]}}